{"id":924,"date":"2021-11-16T13:55:41","date_gmt":"2021-11-16T16:55:41","guid":{"rendered":"https:\/\/wp.ufpel.edu.br\/ppgmet\/?p=924"},"modified":"2021-11-16T13:55:41","modified_gmt":"2021-11-16T16:55:41","slug":"seminario-do-programa-de-pos-graduacao-em-meteorologia-3","status":"publish","type":"post","link":"https:\/\/wp.ufpel.edu.br\/ppgmet\/2021\/11\/16\/seminario-do-programa-de-pos-graduacao-em-meteorologia-3\/","title":{"rendered":"Semin\u00e1rio do Programa de P\u00f3s-gradua\u00e7\u00e3o em Meteorologia"},"content":{"rendered":"<p style=\"text-align: justify\"><strong>AN\u00c1LISE DA VARIABILIDADE DA TEMPERATURA DO AR NO MUNIC\u00cdPIO DE RIO GRANDE\/RS DE 1913 AT\u00c9 2016.<\/strong><\/p>\n<p style=\"text-align: justify\">O objetivo desta pesquisa foi analisar a variabilidade da temperatura do ar em Rio Grande \u2013 RS e a poss\u00edvel rela\u00e7\u00e3o com as regi\u00f5es oce\u00e2nicas ao redor do globo. Para isso foi utilizado dados mensais da temperatura m\u00e1xima, m\u00e9dia e m\u00ednima do per\u00edodo entre 1913 \u2013 2016 observados na esta\u00e7\u00e3o meteorol\u00f3gica localizada no munic\u00edpio. Nas an\u00e1lises das varia\u00e7\u00f5es temporais da temperatura utilizou-se t\u00e9cnicas estat\u00edsticas descritivas e inferencial. Na qual foi observado que a temperatura m\u00e1xima, m\u00e9dia e m\u00ednima variou entre 12,7\u00b0C \u2013 30,9\u00b0C, 9,7\u00b0C \u2013 25,9\u00b0C e 5,5\u00b0C \u2013 25,5\u00b0C, respectivamente, com varia\u00e7\u00e3o da m\u00e9dia sazonal entre 16,94\u00b0C \u2013 26,95\u00b0C, 13,66\u00b0C \u2013 23,29\u00b0C e 10,41\u00b0C \u2013 19.64\u00b0C. Bem como, evidenciou uma tend\u00eancia de aquecimento de 1,38\u00b0 C da temperatura m\u00e1xima e uma tend\u00eancia de diminui\u00e7\u00e3o da temperatura m\u00ednima de -0,51\u00b0C, sendo ambas com signific\u00e2ncia estat\u00edstica de 95%, ademais pode se evidenciar o aumento de anomalias positivas da temperatura no per\u00edodo ap\u00f3s 1980. Por fim, os \u00edndices de correla\u00e7\u00f5es mostram que a varia\u00e7\u00f5es temporais da temperatura no munic\u00edpio podem sofrer influ\u00eancias da varia\u00e7\u00e3o da TSM que ocorrem na regi\u00e3o do Oceanos Pac\u00edfico, Atl\u00e2ntico e Ant\u00e1rtico, que apresentaram correla\u00e7\u00f5es estatisticamente significativa em diferentes esta\u00e7\u00f5es do ano.<\/p>\n<p><strong>\u00cdtalo Seilhe Reis<\/strong><\/p>\n<p>Data: 23\/11\/2021 \u00e0s 14 h<\/p>\n<p>Link: https:\/\/webconf.ufpel.edu.br\/b\/mar-a6x-73w<\/p>\n","protected":false},"excerpt":{"rendered":"<p>AN\u00c1LISE DA VARIABILIDADE DA TEMPERATURA DO AR NO MUNIC\u00cdPIO DE RIO GRANDE\/RS DE 1913 AT\u00c9 2016. O objetivo desta pesquisa foi analisar a variabilidade da temperatura do ar em Rio Grande \u2013 RS e a poss\u00edvel rela\u00e7\u00e3o com as regi\u00f5es oce\u00e2nicas ao redor do globo. Para isso foi utilizado dados mensais da temperatura m\u00e1xima, m\u00e9dia&#8230; <\/p>\n<div class=\"link-more\"><a href=\"https:\/\/wp.ufpel.edu.br\/ppgmet\/2021\/11\/16\/seminario-do-programa-de-pos-graduacao-em-meteorologia-3\/\">Leia mais<\/a><\/div>\n","protected":false},"author":424,"featured_media":0,"comment_status":"closed","ping_status":"closed","sticky":false,"template":"","format":"standard","meta":{"jetpack_post_was_ever_published":false,"_jetpack_newsletter_access":"","_jetpack_dont_email_post_to_subs":false,"_jetpack_newsletter_tier_id":0,"_jetpack_memberships_contains_paywalled_content":false,"_jetpack_memberships_contains_paid_content":false,"footnotes":"","jetpack_publicize_message":"","jetpack_publicize_feature_enabled":true,"jetpack_social_post_already_shared":true,"jetpack_social_options":{"image_generator_settings":{"template":"highway","default_image_id":0,"font":"","enabled":false},"version":2}},"categories":[18],"tags":[],"class_list":["post-924","post","type-post","status-publish","format-standard","hentry","category-noticias"],"yoast_head":"<!-- This site is optimized with the Yoast SEO plugin v26.7 - https:\/\/yoast.com\/wordpress\/plugins\/seo\/ -->\n<title>Semin\u00e1rio do Programa de P\u00f3s-gradua\u00e7\u00e3o em Meteorologia -<\/title>\n<meta name=\"robots\" content=\"index, follow, max-snippet:-1, max-image-preview:large, max-video-preview:-1\" \/>\n<link rel=\"canonical\" href=\"https:\/\/wp.ufpel.edu.br\/ppgmet\/2021\/11\/16\/seminario-do-programa-de-pos-graduacao-em-meteorologia-3\/\" \/>\n<meta property=\"og:locale\" content=\"pt_BR\" \/>\n<meta property=\"og:type\" content=\"article\" \/>\n<meta property=\"og:title\" content=\"Semin\u00e1rio do Programa de P\u00f3s-gradua\u00e7\u00e3o em Meteorologia -\" \/>\n<meta property=\"og:description\" content=\"AN\u00c1LISE DA VARIABILIDADE DA TEMPERATURA DO AR NO MUNIC\u00cdPIO DE RIO GRANDE\/RS DE 1913 AT\u00c9 2016. O objetivo desta pesquisa foi analisar a variabilidade da temperatura do ar em Rio Grande \u2013 RS e a poss\u00edvel rela\u00e7\u00e3o com as regi\u00f5es oce\u00e2nicas ao redor do globo. Para isso foi utilizado dados mensais da temperatura m\u00e1xima, m\u00e9dia... Leia mais\" \/>\n<meta property=\"og:url\" content=\"https:\/\/wp.ufpel.edu.br\/ppgmet\/2021\/11\/16\/seminario-do-programa-de-pos-graduacao-em-meteorologia-3\/\" \/>\n<meta property=\"article:published_time\" content=\"2021-11-16T16:55:41+00:00\" \/>\n<meta name=\"author\" content=\"ppgmet\" \/>\n<meta name=\"twitter:card\" content=\"summary_large_image\" \/>\n<meta name=\"twitter:label1\" content=\"Escrito por\" \/>\n\t<meta name=\"twitter:data1\" content=\"ppgmet\" \/>\n\t<meta name=\"twitter:label2\" content=\"Est. tempo de leitura\" \/>\n\t<meta name=\"twitter:data2\" content=\"1 minuto\" \/>\n<script type=\"application\/ld+json\" class=\"yoast-schema-graph\">{\"@context\":\"https:\/\/schema.org\",\"@graph\":[{\"@type\":\"Article\",\"@id\":\"https:\/\/wp.ufpel.edu.br\/ppgmet\/2021\/11\/16\/seminario-do-programa-de-pos-graduacao-em-meteorologia-3\/#article\",\"isPartOf\":{\"@id\":\"https:\/\/wp.ufpel.edu.br\/ppgmet\/2021\/11\/16\/seminario-do-programa-de-pos-graduacao-em-meteorologia-3\/\"},\"author\":{\"name\":\"ppgmet\",\"@id\":\"https:\/\/wp.ufpel.edu.br\/ppgmet\/#\/schema\/person\/7d2e4dda600f26864055006f3d2843ed\"},\"headline\":\"Semin\u00e1rio do Programa de P\u00f3s-gradua\u00e7\u00e3o em Meteorologia\",\"datePublished\":\"2021-11-16T16:55:41+00:00\",\"mainEntityOfPage\":{\"@id\":\"https:\/\/wp.ufpel.edu.br\/ppgmet\/2021\/11\/16\/seminario-do-programa-de-pos-graduacao-em-meteorologia-3\/\"},\"wordCount\":265,\"articleSection\":[\"Not\u00edcias\"],\"inLanguage\":\"pt-BR\"},{\"@type\":\"WebPage\",\"@id\":\"https:\/\/wp.ufpel.edu.br\/ppgmet\/2021\/11\/16\/seminario-do-programa-de-pos-graduacao-em-meteorologia-3\/\",\"url\":\"https:\/\/wp.ufpel.edu.br\/ppgmet\/2021\/11\/16\/seminario-do-programa-de-pos-graduacao-em-meteorologia-3\/\",\"name\":\"Semin\u00e1rio do Programa de P\u00f3s-gradua\u00e7\u00e3o em Meteorologia -\",\"isPartOf\":{\"@id\":\"https:\/\/wp.ufpel.edu.br\/ppgmet\/#website\"},\"datePublished\":\"2021-11-16T16:55:41+00:00\",\"author\":{\"@id\":\"https:\/\/wp.ufpel.edu.br\/ppgmet\/#\/schema\/person\/7d2e4dda600f26864055006f3d2843ed\"},\"breadcrumb\":{\"@id\":\"https:\/\/wp.ufpel.edu.br\/ppgmet\/2021\/11\/16\/seminario-do-programa-de-pos-graduacao-em-meteorologia-3\/#breadcrumb\"},\"inLanguage\":\"pt-BR\",\"potentialAction\":[{\"@type\":\"ReadAction\",\"target\":[\"https:\/\/wp.ufpel.edu.br\/ppgmet\/2021\/11\/16\/seminario-do-programa-de-pos-graduacao-em-meteorologia-3\/\"]}]},{\"@type\":\"BreadcrumbList\",\"@id\":\"https:\/\/wp.ufpel.edu.br\/ppgmet\/2021\/11\/16\/seminario-do-programa-de-pos-graduacao-em-meteorologia-3\/#breadcrumb\",\"itemListElement\":[{\"@type\":\"ListItem\",\"position\":1,\"name\":\"In\u00edcio\",\"item\":\"https:\/\/wp.ufpel.edu.br\/ppgmet\/\"},{\"@type\":\"ListItem\",\"position\":2,\"name\":\"Semin\u00e1rio do Programa de P\u00f3s-gradua\u00e7\u00e3o em Meteorologia\"}]},{\"@type\":\"WebSite\",\"@id\":\"https:\/\/wp.ufpel.edu.br\/ppgmet\/#website\",\"url\":\"https:\/\/wp.ufpel.edu.br\/ppgmet\/\",\"name\":\"\",\"description\":\"Programa de P\u00f3s Gradua\u00e7\u00e3o em Meteorologia\",\"potentialAction\":[{\"@type\":\"SearchAction\",\"target\":{\"@type\":\"EntryPoint\",\"urlTemplate\":\"https:\/\/wp.ufpel.edu.br\/ppgmet\/?s={search_term_string}\"},\"query-input\":{\"@type\":\"PropertyValueSpecification\",\"valueRequired\":true,\"valueName\":\"search_term_string\"}}],\"inLanguage\":\"pt-BR\"},{\"@type\":\"Person\",\"@id\":\"https:\/\/wp.ufpel.edu.br\/ppgmet\/#\/schema\/person\/7d2e4dda600f26864055006f3d2843ed\",\"name\":\"ppgmet\",\"image\":{\"@type\":\"ImageObject\",\"inLanguage\":\"pt-BR\",\"@id\":\"https:\/\/wp.ufpel.edu.br\/ppgmet\/#\/schema\/person\/image\/\",\"url\":\"https:\/\/secure.gravatar.com\/avatar\/2aee8c316c9b85c8c8ecb6d44afa759d5dc24847f33ab5a25d8bcc9884d82ac0?s=96&d=mm&r=g\",\"contentUrl\":\"https:\/\/secure.gravatar.com\/avatar\/2aee8c316c9b85c8c8ecb6d44afa759d5dc24847f33ab5a25d8bcc9884d82ac0?s=96&d=mm&r=g\",\"caption\":\"ppgmet\"},\"url\":\"https:\/\/wp.ufpel.edu.br\/ppgmet\/author\/ppgmet\/\"}]}<\/script>\n<!-- \/ Yoast SEO plugin. -->","yoast_head_json":{"title":"Semin\u00e1rio do Programa de P\u00f3s-gradua\u00e7\u00e3o em Meteorologia -","robots":{"index":"index","follow":"follow","max-snippet":"max-snippet:-1","max-image-preview":"max-image-preview:large","max-video-preview":"max-video-preview:-1"},"canonical":"https:\/\/wp.ufpel.edu.br\/ppgmet\/2021\/11\/16\/seminario-do-programa-de-pos-graduacao-em-meteorologia-3\/","og_locale":"pt_BR","og_type":"article","og_title":"Semin\u00e1rio do Programa de P\u00f3s-gradua\u00e7\u00e3o em Meteorologia -","og_description":"AN\u00c1LISE DA VARIABILIDADE DA TEMPERATURA DO AR NO MUNIC\u00cdPIO DE RIO GRANDE\/RS DE 1913 AT\u00c9 2016. O objetivo desta pesquisa foi analisar a variabilidade da temperatura do ar em Rio Grande \u2013 RS e a poss\u00edvel rela\u00e7\u00e3o com as regi\u00f5es oce\u00e2nicas ao redor do globo. Para isso foi utilizado dados mensais da temperatura m\u00e1xima, m\u00e9dia... Leia mais","og_url":"https:\/\/wp.ufpel.edu.br\/ppgmet\/2021\/11\/16\/seminario-do-programa-de-pos-graduacao-em-meteorologia-3\/","article_published_time":"2021-11-16T16:55:41+00:00","author":"ppgmet","twitter_card":"summary_large_image","twitter_misc":{"Escrito por":"ppgmet","Est. tempo de leitura":"1 minuto"},"schema":{"@context":"https:\/\/schema.org","@graph":[{"@type":"Article","@id":"https:\/\/wp.ufpel.edu.br\/ppgmet\/2021\/11\/16\/seminario-do-programa-de-pos-graduacao-em-meteorologia-3\/#article","isPartOf":{"@id":"https:\/\/wp.ufpel.edu.br\/ppgmet\/2021\/11\/16\/seminario-do-programa-de-pos-graduacao-em-meteorologia-3\/"},"author":{"name":"ppgmet","@id":"https:\/\/wp.ufpel.edu.br\/ppgmet\/#\/schema\/person\/7d2e4dda600f26864055006f3d2843ed"},"headline":"Semin\u00e1rio do Programa de P\u00f3s-gradua\u00e7\u00e3o em Meteorologia","datePublished":"2021-11-16T16:55:41+00:00","mainEntityOfPage":{"@id":"https:\/\/wp.ufpel.edu.br\/ppgmet\/2021\/11\/16\/seminario-do-programa-de-pos-graduacao-em-meteorologia-3\/"},"wordCount":265,"articleSection":["Not\u00edcias"],"inLanguage":"pt-BR"},{"@type":"WebPage","@id":"https:\/\/wp.ufpel.edu.br\/ppgmet\/2021\/11\/16\/seminario-do-programa-de-pos-graduacao-em-meteorologia-3\/","url":"https:\/\/wp.ufpel.edu.br\/ppgmet\/2021\/11\/16\/seminario-do-programa-de-pos-graduacao-em-meteorologia-3\/","name":"Semin\u00e1rio do Programa de P\u00f3s-gradua\u00e7\u00e3o em Meteorologia -","isPartOf":{"@id":"https:\/\/wp.ufpel.edu.br\/ppgmet\/#website"},"datePublished":"2021-11-16T16:55:41+00:00","author":{"@id":"https:\/\/wp.ufpel.edu.br\/ppgmet\/#\/schema\/person\/7d2e4dda600f26864055006f3d2843ed"},"breadcrumb":{"@id":"https:\/\/wp.ufpel.edu.br\/ppgmet\/2021\/11\/16\/seminario-do-programa-de-pos-graduacao-em-meteorologia-3\/#breadcrumb"},"inLanguage":"pt-BR","potentialAction":[{"@type":"ReadAction","target":["https:\/\/wp.ufpel.edu.br\/ppgmet\/2021\/11\/16\/seminario-do-programa-de-pos-graduacao-em-meteorologia-3\/"]}]},{"@type":"BreadcrumbList","@id":"https:\/\/wp.ufpel.edu.br\/ppgmet\/2021\/11\/16\/seminario-do-programa-de-pos-graduacao-em-meteorologia-3\/#breadcrumb","itemListElement":[{"@type":"ListItem","position":1,"name":"In\u00edcio","item":"https:\/\/wp.ufpel.edu.br\/ppgmet\/"},{"@type":"ListItem","position":2,"name":"Semin\u00e1rio do Programa de P\u00f3s-gradua\u00e7\u00e3o em Meteorologia"}]},{"@type":"WebSite","@id":"https:\/\/wp.ufpel.edu.br\/ppgmet\/#website","url":"https:\/\/wp.ufpel.edu.br\/ppgmet\/","name":"","description":"Programa de P\u00f3s Gradua\u00e7\u00e3o em Meteorologia","potentialAction":[{"@type":"SearchAction","target":{"@type":"EntryPoint","urlTemplate":"https:\/\/wp.ufpel.edu.br\/ppgmet\/?s={search_term_string}"},"query-input":{"@type":"PropertyValueSpecification","valueRequired":true,"valueName":"search_term_string"}}],"inLanguage":"pt-BR"},{"@type":"Person","@id":"https:\/\/wp.ufpel.edu.br\/ppgmet\/#\/schema\/person\/7d2e4dda600f26864055006f3d2843ed","name":"ppgmet","image":{"@type":"ImageObject","inLanguage":"pt-BR","@id":"https:\/\/wp.ufpel.edu.br\/ppgmet\/#\/schema\/person\/image\/","url":"https:\/\/secure.gravatar.com\/avatar\/2aee8c316c9b85c8c8ecb6d44afa759d5dc24847f33ab5a25d8bcc9884d82ac0?s=96&d=mm&r=g","contentUrl":"https:\/\/secure.gravatar.com\/avatar\/2aee8c316c9b85c8c8ecb6d44afa759d5dc24847f33ab5a25d8bcc9884d82ac0?s=96&d=mm&r=g","caption":"ppgmet"},"url":"https:\/\/wp.ufpel.edu.br\/ppgmet\/author\/ppgmet\/"}]}},"jetpack_publicize_connections":[],"jetpack_featured_media_url":"","jetpack_sharing_enabled":true,"jetpack_shortlink":"https:\/\/wp.me\/p8qPE3-eU","_links":{"self":[{"href":"https:\/\/wp.ufpel.edu.br\/ppgmet\/wp-json\/wp\/v2\/posts\/924","targetHints":{"allow":["GET"]}}],"collection":[{"href":"https:\/\/wp.ufpel.edu.br\/ppgmet\/wp-json\/wp\/v2\/posts"}],"about":[{"href":"https:\/\/wp.ufpel.edu.br\/ppgmet\/wp-json\/wp\/v2\/types\/post"}],"author":[{"embeddable":true,"href":"https:\/\/wp.ufpel.edu.br\/ppgmet\/wp-json\/wp\/v2\/users\/424"}],"replies":[{"embeddable":true,"href":"https:\/\/wp.ufpel.edu.br\/ppgmet\/wp-json\/wp\/v2\/comments?post=924"}],"version-history":[{"count":1,"href":"https:\/\/wp.ufpel.edu.br\/ppgmet\/wp-json\/wp\/v2\/posts\/924\/revisions"}],"predecessor-version":[{"id":926,"href":"https:\/\/wp.ufpel.edu.br\/ppgmet\/wp-json\/wp\/v2\/posts\/924\/revisions\/926"}],"wp:attachment":[{"href":"https:\/\/wp.ufpel.edu.br\/ppgmet\/wp-json\/wp\/v2\/media?parent=924"}],"wp:term":[{"taxonomy":"category","embeddable":true,"href":"https:\/\/wp.ufpel.edu.br\/ppgmet\/wp-json\/wp\/v2\/categories?post=924"},{"taxonomy":"post_tag","embeddable":true,"href":"https:\/\/wp.ufpel.edu.br\/ppgmet\/wp-json\/wp\/v2\/tags?post=924"}],"curies":[{"name":"wp","href":"https:\/\/api.w.org\/{rel}","templated":true}]}}