{"id":626,"date":"2018-04-25T10:30:47","date_gmt":"2018-04-25T13:30:47","guid":{"rendered":"https:\/\/wp.ufpel.edu.br\/ppgmet\/?p=626"},"modified":"2018-04-25T10:30:47","modified_gmt":"2018-04-25T13:30:47","slug":"alteracao-do-calendario-de-aulas-2018-01","status":"publish","type":"post","link":"https:\/\/wp.ufpel.edu.br\/ppgmet\/2018\/04\/25\/alteracao-do-calendario-de-aulas-2018-01\/","title":{"rendered":"Altera\u00e7\u00e3o do calend\u00e1rio de aulas 2018\/01"},"content":{"rendered":"<p>Prezados alunos ingressantes<\/p>\n<p>A disciplina de Din\u00e2mica Avan\u00e7ada, ministrada pela Profa. Roseli, ser\u00e1 ofertada como curso intensivo entre os per\u00edodos de 16 de julho a 03 de agosto.<\/p>\n<p>Por ocasi\u00e3o do intensivo, as aulas de F\u00edsica da Atmosfera I e Sin\u00f3tica encerrar\u00e3o no dia 15 de julho, excetuando eventual per\u00edodo de exames e optativas.<\/p>\n<p>Assim, voc\u00eas ter\u00e3o como se dedicar exclusivamente ao intensivo de Din\u00e2mica Avan\u00e7ada<\/p>\n","protected":false},"excerpt":{"rendered":"<p>Prezados alunos ingressantes A disciplina de Din\u00e2mica Avan\u00e7ada, ministrada pela Profa. Roseli, ser\u00e1 ofertada como curso intensivo entre os per\u00edodos de 16 de julho a 03 de agosto. Por ocasi\u00e3o do intensivo, as aulas de F\u00edsica da Atmosfera I e Sin\u00f3tica encerrar\u00e3o no dia 15 de julho, excetuando eventual per\u00edodo de exames e optativas. Assim,&#8230; <\/p>\n<div class=\"link-more\"><a href=\"https:\/\/wp.ufpel.edu.br\/ppgmet\/2018\/04\/25\/alteracao-do-calendario-de-aulas-2018-01\/\">Leia mais<\/a><\/div>\n","protected":false},"author":424,"featured_media":0,"comment_status":"closed","ping_status":"closed","sticky":false,"template":"","format":"standard","meta":{"jetpack_post_was_ever_published":false,"_jetpack_newsletter_access":"","_jetpack_dont_email_post_to_subs":false,"_jetpack_newsletter_tier_id":0,"_jetpack_memberships_contains_paywalled_content":false,"_jetpack_memberships_contains_paid_content":false,"footnotes":"","jetpack_publicize_message":"","jetpack_publicize_feature_enabled":true,"jetpack_social_post_already_shared":true,"jetpack_social_options":{"image_generator_settings":{"template":"highway","default_image_id":0,"font":"","enabled":false},"version":2}},"categories":[18],"tags":[],"class_list":["post-626","post","type-post","status-publish","format-standard","hentry","category-noticias"],"yoast_head":"<!-- This site is optimized with the Yoast SEO plugin v26.7 - https:\/\/yoast.com\/wordpress\/plugins\/seo\/ -->\n<title>Altera\u00e7\u00e3o do calend\u00e1rio de aulas 2018\/01 -<\/title>\n<meta name=\"robots\" content=\"index, follow, max-snippet:-1, max-image-preview:large, max-video-preview:-1\" \/>\n<link rel=\"canonical\" href=\"https:\/\/wp.ufpel.edu.br\/ppgmet\/2018\/04\/25\/alteracao-do-calendario-de-aulas-2018-01\/\" \/>\n<meta property=\"og:locale\" content=\"pt_BR\" \/>\n<meta property=\"og:type\" content=\"article\" \/>\n<meta property=\"og:title\" content=\"Altera\u00e7\u00e3o do calend\u00e1rio de aulas 2018\/01 -\" \/>\n<meta property=\"og:description\" content=\"Prezados alunos ingressantes A disciplina de Din\u00e2mica Avan\u00e7ada, ministrada pela Profa. Roseli, ser\u00e1 ofertada como curso intensivo entre os per\u00edodos de 16 de julho a 03 de agosto. Por ocasi\u00e3o do intensivo, as aulas de F\u00edsica da Atmosfera I e Sin\u00f3tica encerrar\u00e3o no dia 15 de julho, excetuando eventual per\u00edodo de exames e optativas. Assim,... Leia mais\" \/>\n<meta property=\"og:url\" content=\"https:\/\/wp.ufpel.edu.br\/ppgmet\/2018\/04\/25\/alteracao-do-calendario-de-aulas-2018-01\/\" \/>\n<meta property=\"article:published_time\" content=\"2018-04-25T13:30:47+00:00\" \/>\n<meta name=\"author\" content=\"ppgmet\" \/>\n<meta name=\"twitter:card\" content=\"summary_large_image\" \/>\n<meta name=\"twitter:label1\" content=\"Escrito por\" \/>\n\t<meta name=\"twitter:data1\" content=\"ppgmet\" \/>\n<script type=\"application\/ld+json\" class=\"yoast-schema-graph\">{\"@context\":\"https:\/\/schema.org\",\"@graph\":[{\"@type\":\"Article\",\"@id\":\"https:\/\/wp.ufpel.edu.br\/ppgmet\/2018\/04\/25\/alteracao-do-calendario-de-aulas-2018-01\/#article\",\"isPartOf\":{\"@id\":\"https:\/\/wp.ufpel.edu.br\/ppgmet\/2018\/04\/25\/alteracao-do-calendario-de-aulas-2018-01\/\"},\"author\":{\"name\":\"ppgmet\",\"@id\":\"https:\/\/wp.ufpel.edu.br\/ppgmet\/#\/schema\/person\/7d2e4dda600f26864055006f3d2843ed\"},\"headline\":\"Altera\u00e7\u00e3o do calend\u00e1rio de aulas 2018\/01\",\"datePublished\":\"2018-04-25T13:30:47+00:00\",\"mainEntityOfPage\":{\"@id\":\"https:\/\/wp.ufpel.edu.br\/ppgmet\/2018\/04\/25\/alteracao-do-calendario-de-aulas-2018-01\/\"},\"wordCount\":82,\"articleSection\":[\"Not\u00edcias\"],\"inLanguage\":\"pt-BR\"},{\"@type\":\"WebPage\",\"@id\":\"https:\/\/wp.ufpel.edu.br\/ppgmet\/2018\/04\/25\/alteracao-do-calendario-de-aulas-2018-01\/\",\"url\":\"https:\/\/wp.ufpel.edu.br\/ppgmet\/2018\/04\/25\/alteracao-do-calendario-de-aulas-2018-01\/\",\"name\":\"Altera\u00e7\u00e3o do calend\u00e1rio de aulas 2018\/01 -\",\"isPartOf\":{\"@id\":\"https:\/\/wp.ufpel.edu.br\/ppgmet\/#website\"},\"datePublished\":\"2018-04-25T13:30:47+00:00\",\"author\":{\"@id\":\"https:\/\/wp.ufpel.edu.br\/ppgmet\/#\/schema\/person\/7d2e4dda600f26864055006f3d2843ed\"},\"breadcrumb\":{\"@id\":\"https:\/\/wp.ufpel.edu.br\/ppgmet\/2018\/04\/25\/alteracao-do-calendario-de-aulas-2018-01\/#breadcrumb\"},\"inLanguage\":\"pt-BR\",\"potentialAction\":[{\"@type\":\"ReadAction\",\"target\":[\"https:\/\/wp.ufpel.edu.br\/ppgmet\/2018\/04\/25\/alteracao-do-calendario-de-aulas-2018-01\/\"]}]},{\"@type\":\"BreadcrumbList\",\"@id\":\"https:\/\/wp.ufpel.edu.br\/ppgmet\/2018\/04\/25\/alteracao-do-calendario-de-aulas-2018-01\/#breadcrumb\",\"itemListElement\":[{\"@type\":\"ListItem\",\"position\":1,\"name\":\"In\u00edcio\",\"item\":\"https:\/\/wp.ufpel.edu.br\/ppgmet\/\"},{\"@type\":\"ListItem\",\"position\":2,\"name\":\"Altera\u00e7\u00e3o do calend\u00e1rio de aulas 2018\/01\"}]},{\"@type\":\"WebSite\",\"@id\":\"https:\/\/wp.ufpel.edu.br\/ppgmet\/#website\",\"url\":\"https:\/\/wp.ufpel.edu.br\/ppgmet\/\",\"name\":\"\",\"description\":\"Programa de P\u00f3s Gradua\u00e7\u00e3o em Meteorologia\",\"potentialAction\":[{\"@type\":\"SearchAction\",\"target\":{\"@type\":\"EntryPoint\",\"urlTemplate\":\"https:\/\/wp.ufpel.edu.br\/ppgmet\/?s={search_term_string}\"},\"query-input\":{\"@type\":\"PropertyValueSpecification\",\"valueRequired\":true,\"valueName\":\"search_term_string\"}}],\"inLanguage\":\"pt-BR\"},{\"@type\":\"Person\",\"@id\":\"https:\/\/wp.ufpel.edu.br\/ppgmet\/#\/schema\/person\/7d2e4dda600f26864055006f3d2843ed\",\"name\":\"ppgmet\",\"image\":{\"@type\":\"ImageObject\",\"inLanguage\":\"pt-BR\",\"@id\":\"https:\/\/wp.ufpel.edu.br\/ppgmet\/#\/schema\/person\/image\/\",\"url\":\"https:\/\/secure.gravatar.com\/avatar\/2aee8c316c9b85c8c8ecb6d44afa759d5dc24847f33ab5a25d8bcc9884d82ac0?s=96&d=mm&r=g\",\"contentUrl\":\"https:\/\/secure.gravatar.com\/avatar\/2aee8c316c9b85c8c8ecb6d44afa759d5dc24847f33ab5a25d8bcc9884d82ac0?s=96&d=mm&r=g\",\"caption\":\"ppgmet\"},\"url\":\"https:\/\/wp.ufpel.edu.br\/ppgmet\/author\/ppgmet\/\"}]}<\/script>\n<!-- \/ Yoast SEO plugin. -->","yoast_head_json":{"title":"Altera\u00e7\u00e3o do calend\u00e1rio de aulas 2018\/01 -","robots":{"index":"index","follow":"follow","max-snippet":"max-snippet:-1","max-image-preview":"max-image-preview:large","max-video-preview":"max-video-preview:-1"},"canonical":"https:\/\/wp.ufpel.edu.br\/ppgmet\/2018\/04\/25\/alteracao-do-calendario-de-aulas-2018-01\/","og_locale":"pt_BR","og_type":"article","og_title":"Altera\u00e7\u00e3o do calend\u00e1rio de aulas 2018\/01 -","og_description":"Prezados alunos ingressantes A disciplina de Din\u00e2mica Avan\u00e7ada, ministrada pela Profa. Roseli, ser\u00e1 ofertada como curso intensivo entre os per\u00edodos de 16 de julho a 03 de agosto. Por ocasi\u00e3o do intensivo, as aulas de F\u00edsica da Atmosfera I e Sin\u00f3tica encerrar\u00e3o no dia 15 de julho, excetuando eventual per\u00edodo de exames e optativas. Assim,... Leia mais","og_url":"https:\/\/wp.ufpel.edu.br\/ppgmet\/2018\/04\/25\/alteracao-do-calendario-de-aulas-2018-01\/","article_published_time":"2018-04-25T13:30:47+00:00","author":"ppgmet","twitter_card":"summary_large_image","twitter_misc":{"Escrito por":"ppgmet"},"schema":{"@context":"https:\/\/schema.org","@graph":[{"@type":"Article","@id":"https:\/\/wp.ufpel.edu.br\/ppgmet\/2018\/04\/25\/alteracao-do-calendario-de-aulas-2018-01\/#article","isPartOf":{"@id":"https:\/\/wp.ufpel.edu.br\/ppgmet\/2018\/04\/25\/alteracao-do-calendario-de-aulas-2018-01\/"},"author":{"name":"ppgmet","@id":"https:\/\/wp.ufpel.edu.br\/ppgmet\/#\/schema\/person\/7d2e4dda600f26864055006f3d2843ed"},"headline":"Altera\u00e7\u00e3o do calend\u00e1rio de aulas 2018\/01","datePublished":"2018-04-25T13:30:47+00:00","mainEntityOfPage":{"@id":"https:\/\/wp.ufpel.edu.br\/ppgmet\/2018\/04\/25\/alteracao-do-calendario-de-aulas-2018-01\/"},"wordCount":82,"articleSection":["Not\u00edcias"],"inLanguage":"pt-BR"},{"@type":"WebPage","@id":"https:\/\/wp.ufpel.edu.br\/ppgmet\/2018\/04\/25\/alteracao-do-calendario-de-aulas-2018-01\/","url":"https:\/\/wp.ufpel.edu.br\/ppgmet\/2018\/04\/25\/alteracao-do-calendario-de-aulas-2018-01\/","name":"Altera\u00e7\u00e3o do calend\u00e1rio de aulas 2018\/01 -","isPartOf":{"@id":"https:\/\/wp.ufpel.edu.br\/ppgmet\/#website"},"datePublished":"2018-04-25T13:30:47+00:00","author":{"@id":"https:\/\/wp.ufpel.edu.br\/ppgmet\/#\/schema\/person\/7d2e4dda600f26864055006f3d2843ed"},"breadcrumb":{"@id":"https:\/\/wp.ufpel.edu.br\/ppgmet\/2018\/04\/25\/alteracao-do-calendario-de-aulas-2018-01\/#breadcrumb"},"inLanguage":"pt-BR","potentialAction":[{"@type":"ReadAction","target":["https:\/\/wp.ufpel.edu.br\/ppgmet\/2018\/04\/25\/alteracao-do-calendario-de-aulas-2018-01\/"]}]},{"@type":"BreadcrumbList","@id":"https:\/\/wp.ufpel.edu.br\/ppgmet\/2018\/04\/25\/alteracao-do-calendario-de-aulas-2018-01\/#breadcrumb","itemListElement":[{"@type":"ListItem","position":1,"name":"In\u00edcio","item":"https:\/\/wp.ufpel.edu.br\/ppgmet\/"},{"@type":"ListItem","position":2,"name":"Altera\u00e7\u00e3o do calend\u00e1rio de aulas 2018\/01"}]},{"@type":"WebSite","@id":"https:\/\/wp.ufpel.edu.br\/ppgmet\/#website","url":"https:\/\/wp.ufpel.edu.br\/ppgmet\/","name":"","description":"Programa de P\u00f3s Gradua\u00e7\u00e3o em Meteorologia","potentialAction":[{"@type":"SearchAction","target":{"@type":"EntryPoint","urlTemplate":"https:\/\/wp.ufpel.edu.br\/ppgmet\/?s={search_term_string}"},"query-input":{"@type":"PropertyValueSpecification","valueRequired":true,"valueName":"search_term_string"}}],"inLanguage":"pt-BR"},{"@type":"Person","@id":"https:\/\/wp.ufpel.edu.br\/ppgmet\/#\/schema\/person\/7d2e4dda600f26864055006f3d2843ed","name":"ppgmet","image":{"@type":"ImageObject","inLanguage":"pt-BR","@id":"https:\/\/wp.ufpel.edu.br\/ppgmet\/#\/schema\/person\/image\/","url":"https:\/\/secure.gravatar.com\/avatar\/2aee8c316c9b85c8c8ecb6d44afa759d5dc24847f33ab5a25d8bcc9884d82ac0?s=96&d=mm&r=g","contentUrl":"https:\/\/secure.gravatar.com\/avatar\/2aee8c316c9b85c8c8ecb6d44afa759d5dc24847f33ab5a25d8bcc9884d82ac0?s=96&d=mm&r=g","caption":"ppgmet"},"url":"https:\/\/wp.ufpel.edu.br\/ppgmet\/author\/ppgmet\/"}]}},"jetpack_publicize_connections":[],"jetpack_featured_media_url":"","jetpack_sharing_enabled":true,"jetpack_shortlink":"https:\/\/wp.me\/p8qPE3-a6","_links":{"self":[{"href":"https:\/\/wp.ufpel.edu.br\/ppgmet\/wp-json\/wp\/v2\/posts\/626","targetHints":{"allow":["GET"]}}],"collection":[{"href":"https:\/\/wp.ufpel.edu.br\/ppgmet\/wp-json\/wp\/v2\/posts"}],"about":[{"href":"https:\/\/wp.ufpel.edu.br\/ppgmet\/wp-json\/wp\/v2\/types\/post"}],"author":[{"embeddable":true,"href":"https:\/\/wp.ufpel.edu.br\/ppgmet\/wp-json\/wp\/v2\/users\/424"}],"replies":[{"embeddable":true,"href":"https:\/\/wp.ufpel.edu.br\/ppgmet\/wp-json\/wp\/v2\/comments?post=626"}],"version-history":[{"count":1,"href":"https:\/\/wp.ufpel.edu.br\/ppgmet\/wp-json\/wp\/v2\/posts\/626\/revisions"}],"predecessor-version":[{"id":628,"href":"https:\/\/wp.ufpel.edu.br\/ppgmet\/wp-json\/wp\/v2\/posts\/626\/revisions\/628"}],"wp:attachment":[{"href":"https:\/\/wp.ufpel.edu.br\/ppgmet\/wp-json\/wp\/v2\/media?parent=626"}],"wp:term":[{"taxonomy":"category","embeddable":true,"href":"https:\/\/wp.ufpel.edu.br\/ppgmet\/wp-json\/wp\/v2\/categories?post=626"},{"taxonomy":"post_tag","embeddable":true,"href":"https:\/\/wp.ufpel.edu.br\/ppgmet\/wp-json\/wp\/v2\/tags?post=626"}],"curies":[{"name":"wp","href":"https:\/\/api.w.org\/{rel}","templated":true}]}}