{"id":596,"date":"2018-03-06T10:46:15","date_gmt":"2018-03-06T13:46:15","guid":{"rendered":"https:\/\/wp.ufpel.edu.br\/ppgmet\/?p=596"},"modified":"2018-03-06T10:46:15","modified_gmt":"2018-03-06T13:46:15","slug":"convite-para-seminario-7","status":"publish","type":"post","link":"https:\/\/wp.ufpel.edu.br\/ppgmet\/2018\/03\/06\/convite-para-seminario-7\/","title":{"rendered":"Convite para semin\u00e1rio"},"content":{"rendered":"<p style=\"font-weight: 400\">Data: 09\/03\/2018, \u00e0s 10hs no CPPMet.<\/p>\n<p style=\"font-weight: 400\">Palestrante: Ot\u00e1vio\u00a0Voloski Coutinho \u2013 Mestrando do PPGMet\/UFPel<\/p>\n<p><span style=\"font-weight: 400\">T\u00edtulo:\u00a0 AN\u00c1LISE DA CULTURA DO ARROZ E A INFLU\u00caNCIA DA CLIMATOLOGIA NA PRODUTIVIDADE<\/span><\/p>\n<p style=\"font-weight: 400;text-align: justify\">O estado do Rio Grande do Sul \u00e9 o maior produtor oriz\u00edcola do pa\u00eds. A safra de 2016\/2017 foi respons\u00e1vel por mais da metade da produ\u00e7\u00e3o nacional, representando grande import\u00e2ncia socioecon\u00f4mica. O arroz \u00e9 uma planta anual, adaptada a solos alagados, mas se desenvolve bem em solos n\u00e3o alagados, e \u00e9 formado de ra\u00edzes, caule folhas e pan\u00edculas. Sabe-se que a cultura de arroz \u00e9 muito sens\u00edvel as condi\u00e7\u00f5es clim\u00e1ticas e principalmente a ocorr\u00eancia de baixas temperaturas, as quais influenciam no rendimento de produtividade da planta. Nesse semin\u00e1rio ser\u00e1 apresentado alguns conceitos gerais voltados para a cultura do arroz como a fenologia da cultura, a estrutura f\u00edsica da planta e condicionantes agrometeorol\u00f3gicos de produtividade. A revis\u00e3o apresentada neste trabalho ser\u00e1 ampliada e utilizada como base te\u00f3rica para a realiza\u00e7\u00e3o de uma an\u00e1lise de um conjunto de dados de arroz observados no estado do RS.<\/p>\n","protected":false},"excerpt":{"rendered":"<p>Data: 09\/03\/2018, \u00e0s 10hs no CPPMet. Palestrante: Ot\u00e1vio\u00a0Voloski Coutinho \u2013 Mestrando do PPGMet\/UFPel T\u00edtulo:\u00a0 AN\u00c1LISE DA CULTURA DO ARROZ E A INFLU\u00caNCIA DA CLIMATOLOGIA NA PRODUTIVIDADE O estado do Rio Grande do Sul \u00e9 o maior produtor oriz\u00edcola do pa\u00eds. A safra de 2016\/2017 foi respons\u00e1vel por mais da metade da produ\u00e7\u00e3o nacional, representando grande&#8230; <\/p>\n<div class=\"link-more\"><a href=\"https:\/\/wp.ufpel.edu.br\/ppgmet\/2018\/03\/06\/convite-para-seminario-7\/\">Leia mais<\/a><\/div>\n","protected":false},"author":424,"featured_media":0,"comment_status":"closed","ping_status":"closed","sticky":false,"template":"","format":"standard","meta":{"jetpack_post_was_ever_published":false,"_jetpack_newsletter_access":"","_jetpack_dont_email_post_to_subs":false,"_jetpack_newsletter_tier_id":0,"_jetpack_memberships_contains_paywalled_content":false,"_jetpack_memberships_contains_paid_content":false,"footnotes":"","jetpack_publicize_message":"","jetpack_publicize_feature_enabled":true,"jetpack_social_post_already_shared":true,"jetpack_social_options":{"image_generator_settings":{"template":"highway","default_image_id":0,"font":"","enabled":false},"version":2}},"categories":[18],"tags":[],"class_list":["post-596","post","type-post","status-publish","format-standard","hentry","category-noticias"],"yoast_head":"<!-- This site is optimized with the Yoast SEO plugin v26.7 - https:\/\/yoast.com\/wordpress\/plugins\/seo\/ -->\n<title>Convite para semin\u00e1rio -<\/title>\n<meta name=\"robots\" content=\"index, follow, max-snippet:-1, max-image-preview:large, max-video-preview:-1\" \/>\n<link rel=\"canonical\" href=\"https:\/\/wp.ufpel.edu.br\/ppgmet\/2018\/03\/06\/convite-para-seminario-7\/\" \/>\n<meta property=\"og:locale\" content=\"pt_BR\" \/>\n<meta property=\"og:type\" content=\"article\" \/>\n<meta property=\"og:title\" content=\"Convite para semin\u00e1rio -\" \/>\n<meta property=\"og:description\" content=\"Data: 09\/03\/2018, \u00e0s 10hs no CPPMet. Palestrante: Ot\u00e1vio\u00a0Voloski Coutinho \u2013 Mestrando do PPGMet\/UFPel T\u00edtulo:\u00a0 AN\u00c1LISE DA CULTURA DO ARROZ E A INFLU\u00caNCIA DA CLIMATOLOGIA NA PRODUTIVIDADE O estado do Rio Grande do Sul \u00e9 o maior produtor oriz\u00edcola do pa\u00eds. A safra de 2016\/2017 foi respons\u00e1vel por mais da metade da produ\u00e7\u00e3o nacional, representando grande... Leia mais\" \/>\n<meta property=\"og:url\" content=\"https:\/\/wp.ufpel.edu.br\/ppgmet\/2018\/03\/06\/convite-para-seminario-7\/\" \/>\n<meta property=\"article:published_time\" content=\"2018-03-06T13:46:15+00:00\" \/>\n<meta name=\"author\" content=\"ppgmet\" \/>\n<meta name=\"twitter:card\" content=\"summary_large_image\" \/>\n<meta name=\"twitter:label1\" content=\"Escrito por\" \/>\n\t<meta name=\"twitter:data1\" content=\"ppgmet\" \/>\n\t<meta name=\"twitter:label2\" content=\"Est. tempo de leitura\" \/>\n\t<meta name=\"twitter:data2\" content=\"1 minuto\" \/>\n<script type=\"application\/ld+json\" class=\"yoast-schema-graph\">{\"@context\":\"https:\/\/schema.org\",\"@graph\":[{\"@type\":\"Article\",\"@id\":\"https:\/\/wp.ufpel.edu.br\/ppgmet\/2018\/03\/06\/convite-para-seminario-7\/#article\",\"isPartOf\":{\"@id\":\"https:\/\/wp.ufpel.edu.br\/ppgmet\/2018\/03\/06\/convite-para-seminario-7\/\"},\"author\":{\"name\":\"ppgmet\",\"@id\":\"https:\/\/wp.ufpel.edu.br\/ppgmet\/#\/schema\/person\/7d2e4dda600f26864055006f3d2843ed\"},\"headline\":\"Convite para semin\u00e1rio\",\"datePublished\":\"2018-03-06T13:46:15+00:00\",\"mainEntityOfPage\":{\"@id\":\"https:\/\/wp.ufpel.edu.br\/ppgmet\/2018\/03\/06\/convite-para-seminario-7\/\"},\"wordCount\":193,\"articleSection\":[\"Not\u00edcias\"],\"inLanguage\":\"pt-BR\"},{\"@type\":\"WebPage\",\"@id\":\"https:\/\/wp.ufpel.edu.br\/ppgmet\/2018\/03\/06\/convite-para-seminario-7\/\",\"url\":\"https:\/\/wp.ufpel.edu.br\/ppgmet\/2018\/03\/06\/convite-para-seminario-7\/\",\"name\":\"Convite para semin\u00e1rio -\",\"isPartOf\":{\"@id\":\"https:\/\/wp.ufpel.edu.br\/ppgmet\/#website\"},\"datePublished\":\"2018-03-06T13:46:15+00:00\",\"author\":{\"@id\":\"https:\/\/wp.ufpel.edu.br\/ppgmet\/#\/schema\/person\/7d2e4dda600f26864055006f3d2843ed\"},\"breadcrumb\":{\"@id\":\"https:\/\/wp.ufpel.edu.br\/ppgmet\/2018\/03\/06\/convite-para-seminario-7\/#breadcrumb\"},\"inLanguage\":\"pt-BR\",\"potentialAction\":[{\"@type\":\"ReadAction\",\"target\":[\"https:\/\/wp.ufpel.edu.br\/ppgmet\/2018\/03\/06\/convite-para-seminario-7\/\"]}]},{\"@type\":\"BreadcrumbList\",\"@id\":\"https:\/\/wp.ufpel.edu.br\/ppgmet\/2018\/03\/06\/convite-para-seminario-7\/#breadcrumb\",\"itemListElement\":[{\"@type\":\"ListItem\",\"position\":1,\"name\":\"In\u00edcio\",\"item\":\"https:\/\/wp.ufpel.edu.br\/ppgmet\/\"},{\"@type\":\"ListItem\",\"position\":2,\"name\":\"Convite para semin\u00e1rio\"}]},{\"@type\":\"WebSite\",\"@id\":\"https:\/\/wp.ufpel.edu.br\/ppgmet\/#website\",\"url\":\"https:\/\/wp.ufpel.edu.br\/ppgmet\/\",\"name\":\"\",\"description\":\"Programa de P\u00f3s Gradua\u00e7\u00e3o em Meteorologia\",\"potentialAction\":[{\"@type\":\"SearchAction\",\"target\":{\"@type\":\"EntryPoint\",\"urlTemplate\":\"https:\/\/wp.ufpel.edu.br\/ppgmet\/?s={search_term_string}\"},\"query-input\":{\"@type\":\"PropertyValueSpecification\",\"valueRequired\":true,\"valueName\":\"search_term_string\"}}],\"inLanguage\":\"pt-BR\"},{\"@type\":\"Person\",\"@id\":\"https:\/\/wp.ufpel.edu.br\/ppgmet\/#\/schema\/person\/7d2e4dda600f26864055006f3d2843ed\",\"name\":\"ppgmet\",\"image\":{\"@type\":\"ImageObject\",\"inLanguage\":\"pt-BR\",\"@id\":\"https:\/\/wp.ufpel.edu.br\/ppgmet\/#\/schema\/person\/image\/\",\"url\":\"https:\/\/secure.gravatar.com\/avatar\/2aee8c316c9b85c8c8ecb6d44afa759d5dc24847f33ab5a25d8bcc9884d82ac0?s=96&d=mm&r=g\",\"contentUrl\":\"https:\/\/secure.gravatar.com\/avatar\/2aee8c316c9b85c8c8ecb6d44afa759d5dc24847f33ab5a25d8bcc9884d82ac0?s=96&d=mm&r=g\",\"caption\":\"ppgmet\"},\"url\":\"https:\/\/wp.ufpel.edu.br\/ppgmet\/author\/ppgmet\/\"}]}<\/script>\n<!-- \/ Yoast SEO plugin. -->","yoast_head_json":{"title":"Convite para semin\u00e1rio -","robots":{"index":"index","follow":"follow","max-snippet":"max-snippet:-1","max-image-preview":"max-image-preview:large","max-video-preview":"max-video-preview:-1"},"canonical":"https:\/\/wp.ufpel.edu.br\/ppgmet\/2018\/03\/06\/convite-para-seminario-7\/","og_locale":"pt_BR","og_type":"article","og_title":"Convite para semin\u00e1rio -","og_description":"Data: 09\/03\/2018, \u00e0s 10hs no CPPMet. Palestrante: Ot\u00e1vio\u00a0Voloski Coutinho \u2013 Mestrando do PPGMet\/UFPel T\u00edtulo:\u00a0 AN\u00c1LISE DA CULTURA DO ARROZ E A INFLU\u00caNCIA DA CLIMATOLOGIA NA PRODUTIVIDADE O estado do Rio Grande do Sul \u00e9 o maior produtor oriz\u00edcola do pa\u00eds. A safra de 2016\/2017 foi respons\u00e1vel por mais da metade da produ\u00e7\u00e3o nacional, representando grande... Leia mais","og_url":"https:\/\/wp.ufpel.edu.br\/ppgmet\/2018\/03\/06\/convite-para-seminario-7\/","article_published_time":"2018-03-06T13:46:15+00:00","author":"ppgmet","twitter_card":"summary_large_image","twitter_misc":{"Escrito por":"ppgmet","Est. tempo de leitura":"1 minuto"},"schema":{"@context":"https:\/\/schema.org","@graph":[{"@type":"Article","@id":"https:\/\/wp.ufpel.edu.br\/ppgmet\/2018\/03\/06\/convite-para-seminario-7\/#article","isPartOf":{"@id":"https:\/\/wp.ufpel.edu.br\/ppgmet\/2018\/03\/06\/convite-para-seminario-7\/"},"author":{"name":"ppgmet","@id":"https:\/\/wp.ufpel.edu.br\/ppgmet\/#\/schema\/person\/7d2e4dda600f26864055006f3d2843ed"},"headline":"Convite para semin\u00e1rio","datePublished":"2018-03-06T13:46:15+00:00","mainEntityOfPage":{"@id":"https:\/\/wp.ufpel.edu.br\/ppgmet\/2018\/03\/06\/convite-para-seminario-7\/"},"wordCount":193,"articleSection":["Not\u00edcias"],"inLanguage":"pt-BR"},{"@type":"WebPage","@id":"https:\/\/wp.ufpel.edu.br\/ppgmet\/2018\/03\/06\/convite-para-seminario-7\/","url":"https:\/\/wp.ufpel.edu.br\/ppgmet\/2018\/03\/06\/convite-para-seminario-7\/","name":"Convite para semin\u00e1rio -","isPartOf":{"@id":"https:\/\/wp.ufpel.edu.br\/ppgmet\/#website"},"datePublished":"2018-03-06T13:46:15+00:00","author":{"@id":"https:\/\/wp.ufpel.edu.br\/ppgmet\/#\/schema\/person\/7d2e4dda600f26864055006f3d2843ed"},"breadcrumb":{"@id":"https:\/\/wp.ufpel.edu.br\/ppgmet\/2018\/03\/06\/convite-para-seminario-7\/#breadcrumb"},"inLanguage":"pt-BR","potentialAction":[{"@type":"ReadAction","target":["https:\/\/wp.ufpel.edu.br\/ppgmet\/2018\/03\/06\/convite-para-seminario-7\/"]}]},{"@type":"BreadcrumbList","@id":"https:\/\/wp.ufpel.edu.br\/ppgmet\/2018\/03\/06\/convite-para-seminario-7\/#breadcrumb","itemListElement":[{"@type":"ListItem","position":1,"name":"In\u00edcio","item":"https:\/\/wp.ufpel.edu.br\/ppgmet\/"},{"@type":"ListItem","position":2,"name":"Convite para semin\u00e1rio"}]},{"@type":"WebSite","@id":"https:\/\/wp.ufpel.edu.br\/ppgmet\/#website","url":"https:\/\/wp.ufpel.edu.br\/ppgmet\/","name":"","description":"Programa de P\u00f3s Gradua\u00e7\u00e3o em Meteorologia","potentialAction":[{"@type":"SearchAction","target":{"@type":"EntryPoint","urlTemplate":"https:\/\/wp.ufpel.edu.br\/ppgmet\/?s={search_term_string}"},"query-input":{"@type":"PropertyValueSpecification","valueRequired":true,"valueName":"search_term_string"}}],"inLanguage":"pt-BR"},{"@type":"Person","@id":"https:\/\/wp.ufpel.edu.br\/ppgmet\/#\/schema\/person\/7d2e4dda600f26864055006f3d2843ed","name":"ppgmet","image":{"@type":"ImageObject","inLanguage":"pt-BR","@id":"https:\/\/wp.ufpel.edu.br\/ppgmet\/#\/schema\/person\/image\/","url":"https:\/\/secure.gravatar.com\/avatar\/2aee8c316c9b85c8c8ecb6d44afa759d5dc24847f33ab5a25d8bcc9884d82ac0?s=96&d=mm&r=g","contentUrl":"https:\/\/secure.gravatar.com\/avatar\/2aee8c316c9b85c8c8ecb6d44afa759d5dc24847f33ab5a25d8bcc9884d82ac0?s=96&d=mm&r=g","caption":"ppgmet"},"url":"https:\/\/wp.ufpel.edu.br\/ppgmet\/author\/ppgmet\/"}]}},"jetpack_publicize_connections":[],"jetpack_featured_media_url":"","jetpack_sharing_enabled":true,"jetpack_shortlink":"https:\/\/wp.me\/p8qPE3-9C","_links":{"self":[{"href":"https:\/\/wp.ufpel.edu.br\/ppgmet\/wp-json\/wp\/v2\/posts\/596","targetHints":{"allow":["GET"]}}],"collection":[{"href":"https:\/\/wp.ufpel.edu.br\/ppgmet\/wp-json\/wp\/v2\/posts"}],"about":[{"href":"https:\/\/wp.ufpel.edu.br\/ppgmet\/wp-json\/wp\/v2\/types\/post"}],"author":[{"embeddable":true,"href":"https:\/\/wp.ufpel.edu.br\/ppgmet\/wp-json\/wp\/v2\/users\/424"}],"replies":[{"embeddable":true,"href":"https:\/\/wp.ufpel.edu.br\/ppgmet\/wp-json\/wp\/v2\/comments?post=596"}],"version-history":[{"count":1,"href":"https:\/\/wp.ufpel.edu.br\/ppgmet\/wp-json\/wp\/v2\/posts\/596\/revisions"}],"predecessor-version":[{"id":598,"href":"https:\/\/wp.ufpel.edu.br\/ppgmet\/wp-json\/wp\/v2\/posts\/596\/revisions\/598"}],"wp:attachment":[{"href":"https:\/\/wp.ufpel.edu.br\/ppgmet\/wp-json\/wp\/v2\/media?parent=596"}],"wp:term":[{"taxonomy":"category","embeddable":true,"href":"https:\/\/wp.ufpel.edu.br\/ppgmet\/wp-json\/wp\/v2\/categories?post=596"},{"taxonomy":"post_tag","embeddable":true,"href":"https:\/\/wp.ufpel.edu.br\/ppgmet\/wp-json\/wp\/v2\/tags?post=596"}],"curies":[{"name":"wp","href":"https:\/\/api.w.org\/{rel}","templated":true}]}}