{"id":579,"date":"2018-02-27T09:26:19","date_gmt":"2018-02-27T12:26:19","guid":{"rendered":"https:\/\/wp.ufpel.edu.br\/ppgmet\/?p=579"},"modified":"2018-02-27T09:32:55","modified_gmt":"2018-02-27T12:32:55","slug":"convite-para-seminario-3","status":"publish","type":"post","link":"https:\/\/wp.ufpel.edu.br\/ppgmet\/2018\/02\/27\/convite-para-seminario-3\/","title":{"rendered":"Convite para semin\u00e1rio"},"content":{"rendered":"<p>Data: 28\/02\/2017, \u00e0s 10:00hs na sala de reuni\u00f5es do CPPMET.<\/p>\n<p>Palestrante: Josi\u00e9le Souza dos Santos \u2013 Mestrando do PPGMet\/UFPel<\/p>\n<p>T\u00edtulo: INFLU\u00caNCIA DO CLIMA NA PRODUTIVIDADE DA SOJA<\/p>\n<p style=\"text-align: justify\">O Brasil ocupa a segunda posi\u00e7\u00e3o no ranking de produ\u00e7\u00e3o e processamento de soja no mundo, a estimativa \u00e9 de que a soja gera aproximadamente 1,4 milh\u00f5es de empregos, e que em todo o pa\u00eds existam mais de 243 mil produtores. Adversidades clim\u00e1ticas t\u00eam impactos diretos nos rendimentos das lavouras. A produtividade da soja \u00e9 afetada principalmente pela disponibilidade h\u00eddrica, a temperatura e o fotoper\u00edodo. Quanto melhor o conhecimento a respeito das condi\u00e7\u00f5es clim\u00e1ticas de uma regi\u00e3o, melhor ser\u00e3o as formas de conduzir as atividades agr\u00edcolas. A revis\u00e3o apresentada neste trabalho ser\u00e1 utilizada como base te\u00f3rica para compara\u00e7\u00e3o dos resultados que ser\u00e3o obtidos atrav\u00e9s das simula\u00e7\u00f5es feitas com o modelo de previs\u00e3o de safra DSSAT (Decision Suport System Agrotechnology Transfer) para o Rio Grande do Sul, onde ser\u00e3o feitas a calibra\u00e7\u00e3o e a valida\u00e7\u00e3o dos dados, com base em experimentos em campo.<\/p>\n","protected":false},"excerpt":{"rendered":"<p>Data: 28\/02\/2017, \u00e0s 10:00hs na sala de reuni\u00f5es do CPPMET. Palestrante: Josi\u00e9le Souza dos Santos \u2013 Mestrando do PPGMet\/UFPel T\u00edtulo: INFLU\u00caNCIA DO CLIMA NA PRODUTIVIDADE DA SOJA O Brasil ocupa a segunda posi\u00e7\u00e3o no ranking de produ\u00e7\u00e3o e processamento de soja no mundo, a estimativa \u00e9 de que a soja gera aproximadamente 1,4 milh\u00f5es de&#8230; <\/p>\n<div class=\"link-more\"><a href=\"https:\/\/wp.ufpel.edu.br\/ppgmet\/2018\/02\/27\/convite-para-seminario-3\/\">Leia mais<\/a><\/div>\n","protected":false},"author":424,"featured_media":0,"comment_status":"closed","ping_status":"closed","sticky":false,"template":"","format":"standard","meta":{"jetpack_post_was_ever_published":false,"_jetpack_newsletter_access":"","_jetpack_dont_email_post_to_subs":false,"_jetpack_newsletter_tier_id":0,"_jetpack_memberships_contains_paywalled_content":false,"_jetpack_memberships_contains_paid_content":false,"footnotes":"","jetpack_publicize_message":"","jetpack_publicize_feature_enabled":true,"jetpack_social_post_already_shared":true,"jetpack_social_options":{"image_generator_settings":{"template":"highway","default_image_id":0,"font":"","enabled":false},"version":2}},"categories":[18],"tags":[],"class_list":["post-579","post","type-post","status-publish","format-standard","hentry","category-noticias"],"yoast_head":"<!-- This site is optimized with the Yoast SEO plugin v26.7 - https:\/\/yoast.com\/wordpress\/plugins\/seo\/ -->\n<title>Convite para semin\u00e1rio -<\/title>\n<meta name=\"robots\" content=\"index, follow, max-snippet:-1, max-image-preview:large, max-video-preview:-1\" \/>\n<link rel=\"canonical\" href=\"https:\/\/wp.ufpel.edu.br\/ppgmet\/2018\/02\/27\/convite-para-seminario-3\/\" \/>\n<meta property=\"og:locale\" content=\"pt_BR\" \/>\n<meta property=\"og:type\" content=\"article\" \/>\n<meta property=\"og:title\" content=\"Convite para semin\u00e1rio -\" \/>\n<meta property=\"og:description\" content=\"Data: 28\/02\/2017, \u00e0s 10:00hs na sala de reuni\u00f5es do CPPMET. Palestrante: Josi\u00e9le Souza dos Santos \u2013 Mestrando do PPGMet\/UFPel T\u00edtulo: INFLU\u00caNCIA DO CLIMA NA PRODUTIVIDADE DA SOJA O Brasil ocupa a segunda posi\u00e7\u00e3o no ranking de produ\u00e7\u00e3o e processamento de soja no mundo, a estimativa \u00e9 de que a soja gera aproximadamente 1,4 milh\u00f5es de... Leia mais\" \/>\n<meta property=\"og:url\" content=\"https:\/\/wp.ufpel.edu.br\/ppgmet\/2018\/02\/27\/convite-para-seminario-3\/\" \/>\n<meta property=\"article:published_time\" content=\"2018-02-27T12:26:19+00:00\" \/>\n<meta property=\"article:modified_time\" content=\"2018-02-27T12:32:55+00:00\" \/>\n<meta name=\"author\" content=\"ppgmet\" \/>\n<meta name=\"twitter:card\" content=\"summary_large_image\" \/>\n<meta name=\"twitter:label1\" content=\"Escrito por\" \/>\n\t<meta name=\"twitter:data1\" content=\"ppgmet\" \/>\n\t<meta name=\"twitter:label2\" content=\"Est. tempo de leitura\" \/>\n\t<meta name=\"twitter:data2\" content=\"1 minuto\" \/>\n<script type=\"application\/ld+json\" class=\"yoast-schema-graph\">{\"@context\":\"https:\/\/schema.org\",\"@graph\":[{\"@type\":\"Article\",\"@id\":\"https:\/\/wp.ufpel.edu.br\/ppgmet\/2018\/02\/27\/convite-para-seminario-3\/#article\",\"isPartOf\":{\"@id\":\"https:\/\/wp.ufpel.edu.br\/ppgmet\/2018\/02\/27\/convite-para-seminario-3\/\"},\"author\":{\"name\":\"ppgmet\",\"@id\":\"https:\/\/wp.ufpel.edu.br\/ppgmet\/#\/schema\/person\/7d2e4dda600f26864055006f3d2843ed\"},\"headline\":\"Convite para semin\u00e1rio\",\"datePublished\":\"2018-02-27T12:26:19+00:00\",\"dateModified\":\"2018-02-27T12:32:55+00:00\",\"mainEntityOfPage\":{\"@id\":\"https:\/\/wp.ufpel.edu.br\/ppgmet\/2018\/02\/27\/convite-para-seminario-3\/\"},\"wordCount\":195,\"articleSection\":[\"Not\u00edcias\"],\"inLanguage\":\"pt-BR\"},{\"@type\":\"WebPage\",\"@id\":\"https:\/\/wp.ufpel.edu.br\/ppgmet\/2018\/02\/27\/convite-para-seminario-3\/\",\"url\":\"https:\/\/wp.ufpel.edu.br\/ppgmet\/2018\/02\/27\/convite-para-seminario-3\/\",\"name\":\"Convite para semin\u00e1rio -\",\"isPartOf\":{\"@id\":\"https:\/\/wp.ufpel.edu.br\/ppgmet\/#website\"},\"datePublished\":\"2018-02-27T12:26:19+00:00\",\"dateModified\":\"2018-02-27T12:32:55+00:00\",\"author\":{\"@id\":\"https:\/\/wp.ufpel.edu.br\/ppgmet\/#\/schema\/person\/7d2e4dda600f26864055006f3d2843ed\"},\"breadcrumb\":{\"@id\":\"https:\/\/wp.ufpel.edu.br\/ppgmet\/2018\/02\/27\/convite-para-seminario-3\/#breadcrumb\"},\"inLanguage\":\"pt-BR\",\"potentialAction\":[{\"@type\":\"ReadAction\",\"target\":[\"https:\/\/wp.ufpel.edu.br\/ppgmet\/2018\/02\/27\/convite-para-seminario-3\/\"]}]},{\"@type\":\"BreadcrumbList\",\"@id\":\"https:\/\/wp.ufpel.edu.br\/ppgmet\/2018\/02\/27\/convite-para-seminario-3\/#breadcrumb\",\"itemListElement\":[{\"@type\":\"ListItem\",\"position\":1,\"name\":\"In\u00edcio\",\"item\":\"https:\/\/wp.ufpel.edu.br\/ppgmet\/\"},{\"@type\":\"ListItem\",\"position\":2,\"name\":\"Convite para semin\u00e1rio\"}]},{\"@type\":\"WebSite\",\"@id\":\"https:\/\/wp.ufpel.edu.br\/ppgmet\/#website\",\"url\":\"https:\/\/wp.ufpel.edu.br\/ppgmet\/\",\"name\":\"\",\"description\":\"Programa de P\u00f3s Gradua\u00e7\u00e3o em Meteorologia\",\"potentialAction\":[{\"@type\":\"SearchAction\",\"target\":{\"@type\":\"EntryPoint\",\"urlTemplate\":\"https:\/\/wp.ufpel.edu.br\/ppgmet\/?s={search_term_string}\"},\"query-input\":{\"@type\":\"PropertyValueSpecification\",\"valueRequired\":true,\"valueName\":\"search_term_string\"}}],\"inLanguage\":\"pt-BR\"},{\"@type\":\"Person\",\"@id\":\"https:\/\/wp.ufpel.edu.br\/ppgmet\/#\/schema\/person\/7d2e4dda600f26864055006f3d2843ed\",\"name\":\"ppgmet\",\"image\":{\"@type\":\"ImageObject\",\"inLanguage\":\"pt-BR\",\"@id\":\"https:\/\/wp.ufpel.edu.br\/ppgmet\/#\/schema\/person\/image\/\",\"url\":\"https:\/\/secure.gravatar.com\/avatar\/2aee8c316c9b85c8c8ecb6d44afa759d5dc24847f33ab5a25d8bcc9884d82ac0?s=96&d=mm&r=g\",\"contentUrl\":\"https:\/\/secure.gravatar.com\/avatar\/2aee8c316c9b85c8c8ecb6d44afa759d5dc24847f33ab5a25d8bcc9884d82ac0?s=96&d=mm&r=g\",\"caption\":\"ppgmet\"},\"url\":\"https:\/\/wp.ufpel.edu.br\/ppgmet\/author\/ppgmet\/\"}]}<\/script>\n<!-- \/ Yoast SEO plugin. -->","yoast_head_json":{"title":"Convite para semin\u00e1rio -","robots":{"index":"index","follow":"follow","max-snippet":"max-snippet:-1","max-image-preview":"max-image-preview:large","max-video-preview":"max-video-preview:-1"},"canonical":"https:\/\/wp.ufpel.edu.br\/ppgmet\/2018\/02\/27\/convite-para-seminario-3\/","og_locale":"pt_BR","og_type":"article","og_title":"Convite para semin\u00e1rio -","og_description":"Data: 28\/02\/2017, \u00e0s 10:00hs na sala de reuni\u00f5es do CPPMET. Palestrante: Josi\u00e9le Souza dos Santos \u2013 Mestrando do PPGMet\/UFPel T\u00edtulo: INFLU\u00caNCIA DO CLIMA NA PRODUTIVIDADE DA SOJA O Brasil ocupa a segunda posi\u00e7\u00e3o no ranking de produ\u00e7\u00e3o e processamento de soja no mundo, a estimativa \u00e9 de que a soja gera aproximadamente 1,4 milh\u00f5es de... Leia mais","og_url":"https:\/\/wp.ufpel.edu.br\/ppgmet\/2018\/02\/27\/convite-para-seminario-3\/","article_published_time":"2018-02-27T12:26:19+00:00","article_modified_time":"2018-02-27T12:32:55+00:00","author":"ppgmet","twitter_card":"summary_large_image","twitter_misc":{"Escrito por":"ppgmet","Est. tempo de leitura":"1 minuto"},"schema":{"@context":"https:\/\/schema.org","@graph":[{"@type":"Article","@id":"https:\/\/wp.ufpel.edu.br\/ppgmet\/2018\/02\/27\/convite-para-seminario-3\/#article","isPartOf":{"@id":"https:\/\/wp.ufpel.edu.br\/ppgmet\/2018\/02\/27\/convite-para-seminario-3\/"},"author":{"name":"ppgmet","@id":"https:\/\/wp.ufpel.edu.br\/ppgmet\/#\/schema\/person\/7d2e4dda600f26864055006f3d2843ed"},"headline":"Convite para semin\u00e1rio","datePublished":"2018-02-27T12:26:19+00:00","dateModified":"2018-02-27T12:32:55+00:00","mainEntityOfPage":{"@id":"https:\/\/wp.ufpel.edu.br\/ppgmet\/2018\/02\/27\/convite-para-seminario-3\/"},"wordCount":195,"articleSection":["Not\u00edcias"],"inLanguage":"pt-BR"},{"@type":"WebPage","@id":"https:\/\/wp.ufpel.edu.br\/ppgmet\/2018\/02\/27\/convite-para-seminario-3\/","url":"https:\/\/wp.ufpel.edu.br\/ppgmet\/2018\/02\/27\/convite-para-seminario-3\/","name":"Convite para semin\u00e1rio -","isPartOf":{"@id":"https:\/\/wp.ufpel.edu.br\/ppgmet\/#website"},"datePublished":"2018-02-27T12:26:19+00:00","dateModified":"2018-02-27T12:32:55+00:00","author":{"@id":"https:\/\/wp.ufpel.edu.br\/ppgmet\/#\/schema\/person\/7d2e4dda600f26864055006f3d2843ed"},"breadcrumb":{"@id":"https:\/\/wp.ufpel.edu.br\/ppgmet\/2018\/02\/27\/convite-para-seminario-3\/#breadcrumb"},"inLanguage":"pt-BR","potentialAction":[{"@type":"ReadAction","target":["https:\/\/wp.ufpel.edu.br\/ppgmet\/2018\/02\/27\/convite-para-seminario-3\/"]}]},{"@type":"BreadcrumbList","@id":"https:\/\/wp.ufpel.edu.br\/ppgmet\/2018\/02\/27\/convite-para-seminario-3\/#breadcrumb","itemListElement":[{"@type":"ListItem","position":1,"name":"In\u00edcio","item":"https:\/\/wp.ufpel.edu.br\/ppgmet\/"},{"@type":"ListItem","position":2,"name":"Convite para semin\u00e1rio"}]},{"@type":"WebSite","@id":"https:\/\/wp.ufpel.edu.br\/ppgmet\/#website","url":"https:\/\/wp.ufpel.edu.br\/ppgmet\/","name":"","description":"Programa de P\u00f3s Gradua\u00e7\u00e3o em Meteorologia","potentialAction":[{"@type":"SearchAction","target":{"@type":"EntryPoint","urlTemplate":"https:\/\/wp.ufpel.edu.br\/ppgmet\/?s={search_term_string}"},"query-input":{"@type":"PropertyValueSpecification","valueRequired":true,"valueName":"search_term_string"}}],"inLanguage":"pt-BR"},{"@type":"Person","@id":"https:\/\/wp.ufpel.edu.br\/ppgmet\/#\/schema\/person\/7d2e4dda600f26864055006f3d2843ed","name":"ppgmet","image":{"@type":"ImageObject","inLanguage":"pt-BR","@id":"https:\/\/wp.ufpel.edu.br\/ppgmet\/#\/schema\/person\/image\/","url":"https:\/\/secure.gravatar.com\/avatar\/2aee8c316c9b85c8c8ecb6d44afa759d5dc24847f33ab5a25d8bcc9884d82ac0?s=96&d=mm&r=g","contentUrl":"https:\/\/secure.gravatar.com\/avatar\/2aee8c316c9b85c8c8ecb6d44afa759d5dc24847f33ab5a25d8bcc9884d82ac0?s=96&d=mm&r=g","caption":"ppgmet"},"url":"https:\/\/wp.ufpel.edu.br\/ppgmet\/author\/ppgmet\/"}]}},"jetpack_publicize_connections":[],"jetpack_featured_media_url":"","jetpack_sharing_enabled":true,"jetpack_shortlink":"https:\/\/wp.me\/p8qPE3-9l","_links":{"self":[{"href":"https:\/\/wp.ufpel.edu.br\/ppgmet\/wp-json\/wp\/v2\/posts\/579","targetHints":{"allow":["GET"]}}],"collection":[{"href":"https:\/\/wp.ufpel.edu.br\/ppgmet\/wp-json\/wp\/v2\/posts"}],"about":[{"href":"https:\/\/wp.ufpel.edu.br\/ppgmet\/wp-json\/wp\/v2\/types\/post"}],"author":[{"embeddable":true,"href":"https:\/\/wp.ufpel.edu.br\/ppgmet\/wp-json\/wp\/v2\/users\/424"}],"replies":[{"embeddable":true,"href":"https:\/\/wp.ufpel.edu.br\/ppgmet\/wp-json\/wp\/v2\/comments?post=579"}],"version-history":[{"count":1,"href":"https:\/\/wp.ufpel.edu.br\/ppgmet\/wp-json\/wp\/v2\/posts\/579\/revisions"}],"predecessor-version":[{"id":581,"href":"https:\/\/wp.ufpel.edu.br\/ppgmet\/wp-json\/wp\/v2\/posts\/579\/revisions\/581"}],"wp:attachment":[{"href":"https:\/\/wp.ufpel.edu.br\/ppgmet\/wp-json\/wp\/v2\/media?parent=579"}],"wp:term":[{"taxonomy":"category","embeddable":true,"href":"https:\/\/wp.ufpel.edu.br\/ppgmet\/wp-json\/wp\/v2\/categories?post=579"},{"taxonomy":"post_tag","embeddable":true,"href":"https:\/\/wp.ufpel.edu.br\/ppgmet\/wp-json\/wp\/v2\/tags?post=579"}],"curies":[{"name":"wp","href":"https:\/\/api.w.org\/{rel}","templated":true}]}}