{"id":558,"date":"2017-12-14T11:50:47","date_gmt":"2017-12-14T13:50:47","guid":{"rendered":"https:\/\/wp.ufpel.edu.br\/ppgmet\/?p=558"},"modified":"2017-12-14T11:50:47","modified_gmt":"2017-12-14T13:50:47","slug":"resultado-do-processo-seletivo-ppgmet-2018-1","status":"publish","type":"post","link":"https:\/\/wp.ufpel.edu.br\/ppgmet\/2017\/12\/14\/resultado-do-processo-seletivo-ppgmet-2018-1\/","title":{"rendered":"Resultado do Processo Seletivo PPGMET 2018-1"},"content":{"rendered":"<p>Segue abaixo a lista dos aprovados no Edital 141\/2017, do Programa de P\u00f3s-Gradua\u00e7\u00e3o em Meteorologia, em ordem de classifica\u00e7\u00e3o:<\/p>\n<ol>\n<li><strong>Muller Junior Martins dos Santos\u00a0<\/strong><\/li>\n<li><strong>Ana Lucia da Silva Nascimento<\/strong><\/li>\n<li><strong>Bruna Ludtke Paim<\/strong><\/li>\n<li><strong>Josiele Souza dos Santos<\/strong><\/li>\n<li><strong>William Duarte Jacondino<\/strong><\/li>\n<li><strong>Nelson Pedro Antoino Mateus<\/strong><\/li>\n<li><strong>Gustavo Colep\u00edcolo Monteiro<\/strong><\/li>\n<li><strong>Kelli Silva de Lara<\/strong><\/li>\n<li>Leticia Moreira Nick (Suplente)<\/li>\n<\/ol>\n<p>A possibilidade de bolsa \u00e9 para os cinco primeiros candidatos.<\/p>\n<p>Como consta no Edital, o per\u00edodo de recurso \u00e9 de 72 horas. O aluno pode entrar em contato pelos endere\u00e7os eletr\u00f4nicos que constam no edital.<\/p>\n<p>Os candidatos ter\u00e3o at\u00e9\u00a0 o dia 22 de dezembro para confirmar o interesse pela vaga atrav\u00e9s do e-mail que consta no edital.<\/p>\n","protected":false},"excerpt":{"rendered":"<p>Segue abaixo a lista dos aprovados no Edital 141\/2017, do Programa de P\u00f3s-Gradua\u00e7\u00e3o em Meteorologia, em ordem de classifica\u00e7\u00e3o: Muller Junior Martins dos Santos\u00a0 Ana Lucia da Silva Nascimento Bruna Ludtke Paim Josiele Souza dos Santos William Duarte Jacondino Nelson Pedro Antoino Mateus Gustavo Colep\u00edcolo Monteiro Kelli Silva de Lara Leticia Moreira Nick (Suplente) A&#8230; <\/p>\n<div class=\"link-more\"><a href=\"https:\/\/wp.ufpel.edu.br\/ppgmet\/2017\/12\/14\/resultado-do-processo-seletivo-ppgmet-2018-1\/\">Leia mais<\/a><\/div>\n","protected":false},"author":424,"featured_media":0,"comment_status":"closed","ping_status":"closed","sticky":false,"template":"","format":"standard","meta":{"jetpack_post_was_ever_published":false,"_jetpack_newsletter_access":"","_jetpack_dont_email_post_to_subs":false,"_jetpack_newsletter_tier_id":0,"_jetpack_memberships_contains_paywalled_content":false,"_jetpack_memberships_contains_paid_content":false,"footnotes":"","jetpack_publicize_message":"","jetpack_publicize_feature_enabled":true,"jetpack_social_post_already_shared":true,"jetpack_social_options":{"image_generator_settings":{"template":"highway","default_image_id":0,"font":"","enabled":false},"version":2}},"categories":[18],"tags":[],"class_list":["post-558","post","type-post","status-publish","format-standard","hentry","category-noticias"],"yoast_head":"<!-- This site is optimized with the Yoast SEO plugin v26.7 - https:\/\/yoast.com\/wordpress\/plugins\/seo\/ -->\n<title>Resultado do Processo Seletivo PPGMET 2018-1 -<\/title>\n<meta name=\"robots\" content=\"index, follow, max-snippet:-1, max-image-preview:large, max-video-preview:-1\" \/>\n<link rel=\"canonical\" href=\"https:\/\/wp.ufpel.edu.br\/ppgmet\/2017\/12\/14\/resultado-do-processo-seletivo-ppgmet-2018-1\/\" \/>\n<meta property=\"og:locale\" content=\"pt_BR\" \/>\n<meta property=\"og:type\" content=\"article\" \/>\n<meta property=\"og:title\" content=\"Resultado do Processo Seletivo PPGMET 2018-1 -\" \/>\n<meta property=\"og:description\" content=\"Segue abaixo a lista dos aprovados no Edital 141\/2017, do Programa de P\u00f3s-Gradua\u00e7\u00e3o em Meteorologia, em ordem de classifica\u00e7\u00e3o: Muller Junior Martins dos Santos\u00a0 Ana Lucia da Silva Nascimento Bruna Ludtke Paim Josiele Souza dos Santos William Duarte Jacondino Nelson Pedro Antoino Mateus Gustavo Colep\u00edcolo Monteiro Kelli Silva de Lara Leticia Moreira Nick (Suplente) A... Leia mais\" \/>\n<meta property=\"og:url\" content=\"https:\/\/wp.ufpel.edu.br\/ppgmet\/2017\/12\/14\/resultado-do-processo-seletivo-ppgmet-2018-1\/\" \/>\n<meta property=\"article:published_time\" content=\"2017-12-14T13:50:47+00:00\" \/>\n<meta name=\"author\" content=\"ppgmet\" \/>\n<meta name=\"twitter:card\" content=\"summary_large_image\" \/>\n<meta name=\"twitter:label1\" content=\"Escrito por\" \/>\n\t<meta name=\"twitter:data1\" content=\"ppgmet\" \/>\n\t<meta name=\"twitter:label2\" content=\"Est. tempo de leitura\" \/>\n\t<meta name=\"twitter:data2\" content=\"1 minuto\" \/>\n<script type=\"application\/ld+json\" class=\"yoast-schema-graph\">{\"@context\":\"https:\/\/schema.org\",\"@graph\":[{\"@type\":\"Article\",\"@id\":\"https:\/\/wp.ufpel.edu.br\/ppgmet\/2017\/12\/14\/resultado-do-processo-seletivo-ppgmet-2018-1\/#article\",\"isPartOf\":{\"@id\":\"https:\/\/wp.ufpel.edu.br\/ppgmet\/2017\/12\/14\/resultado-do-processo-seletivo-ppgmet-2018-1\/\"},\"author\":{\"name\":\"ppgmet\",\"@id\":\"https:\/\/wp.ufpel.edu.br\/ppgmet\/#\/schema\/person\/7d2e4dda600f26864055006f3d2843ed\"},\"headline\":\"Resultado do Processo Seletivo PPGMET 2018-1\",\"datePublished\":\"2017-12-14T13:50:47+00:00\",\"mainEntityOfPage\":{\"@id\":\"https:\/\/wp.ufpel.edu.br\/ppgmet\/2017\/12\/14\/resultado-do-processo-seletivo-ppgmet-2018-1\/\"},\"wordCount\":121,\"articleSection\":[\"Not\u00edcias\"],\"inLanguage\":\"pt-BR\"},{\"@type\":\"WebPage\",\"@id\":\"https:\/\/wp.ufpel.edu.br\/ppgmet\/2017\/12\/14\/resultado-do-processo-seletivo-ppgmet-2018-1\/\",\"url\":\"https:\/\/wp.ufpel.edu.br\/ppgmet\/2017\/12\/14\/resultado-do-processo-seletivo-ppgmet-2018-1\/\",\"name\":\"Resultado do Processo Seletivo PPGMET 2018-1 -\",\"isPartOf\":{\"@id\":\"https:\/\/wp.ufpel.edu.br\/ppgmet\/#website\"},\"datePublished\":\"2017-12-14T13:50:47+00:00\",\"author\":{\"@id\":\"https:\/\/wp.ufpel.edu.br\/ppgmet\/#\/schema\/person\/7d2e4dda600f26864055006f3d2843ed\"},\"breadcrumb\":{\"@id\":\"https:\/\/wp.ufpel.edu.br\/ppgmet\/2017\/12\/14\/resultado-do-processo-seletivo-ppgmet-2018-1\/#breadcrumb\"},\"inLanguage\":\"pt-BR\",\"potentialAction\":[{\"@type\":\"ReadAction\",\"target\":[\"https:\/\/wp.ufpel.edu.br\/ppgmet\/2017\/12\/14\/resultado-do-processo-seletivo-ppgmet-2018-1\/\"]}]},{\"@type\":\"BreadcrumbList\",\"@id\":\"https:\/\/wp.ufpel.edu.br\/ppgmet\/2017\/12\/14\/resultado-do-processo-seletivo-ppgmet-2018-1\/#breadcrumb\",\"itemListElement\":[{\"@type\":\"ListItem\",\"position\":1,\"name\":\"In\u00edcio\",\"item\":\"https:\/\/wp.ufpel.edu.br\/ppgmet\/\"},{\"@type\":\"ListItem\",\"position\":2,\"name\":\"Resultado do Processo Seletivo PPGMET 2018-1\"}]},{\"@type\":\"WebSite\",\"@id\":\"https:\/\/wp.ufpel.edu.br\/ppgmet\/#website\",\"url\":\"https:\/\/wp.ufpel.edu.br\/ppgmet\/\",\"name\":\"\",\"description\":\"Programa de P\u00f3s Gradua\u00e7\u00e3o em Meteorologia\",\"potentialAction\":[{\"@type\":\"SearchAction\",\"target\":{\"@type\":\"EntryPoint\",\"urlTemplate\":\"https:\/\/wp.ufpel.edu.br\/ppgmet\/?s={search_term_string}\"},\"query-input\":{\"@type\":\"PropertyValueSpecification\",\"valueRequired\":true,\"valueName\":\"search_term_string\"}}],\"inLanguage\":\"pt-BR\"},{\"@type\":\"Person\",\"@id\":\"https:\/\/wp.ufpel.edu.br\/ppgmet\/#\/schema\/person\/7d2e4dda600f26864055006f3d2843ed\",\"name\":\"ppgmet\",\"image\":{\"@type\":\"ImageObject\",\"inLanguage\":\"pt-BR\",\"@id\":\"https:\/\/wp.ufpel.edu.br\/ppgmet\/#\/schema\/person\/image\/\",\"url\":\"https:\/\/secure.gravatar.com\/avatar\/2aee8c316c9b85c8c8ecb6d44afa759d5dc24847f33ab5a25d8bcc9884d82ac0?s=96&d=mm&r=g\",\"contentUrl\":\"https:\/\/secure.gravatar.com\/avatar\/2aee8c316c9b85c8c8ecb6d44afa759d5dc24847f33ab5a25d8bcc9884d82ac0?s=96&d=mm&r=g\",\"caption\":\"ppgmet\"},\"url\":\"https:\/\/wp.ufpel.edu.br\/ppgmet\/author\/ppgmet\/\"}]}<\/script>\n<!-- \/ Yoast SEO plugin. -->","yoast_head_json":{"title":"Resultado do Processo Seletivo PPGMET 2018-1 -","robots":{"index":"index","follow":"follow","max-snippet":"max-snippet:-1","max-image-preview":"max-image-preview:large","max-video-preview":"max-video-preview:-1"},"canonical":"https:\/\/wp.ufpel.edu.br\/ppgmet\/2017\/12\/14\/resultado-do-processo-seletivo-ppgmet-2018-1\/","og_locale":"pt_BR","og_type":"article","og_title":"Resultado do Processo Seletivo PPGMET 2018-1 -","og_description":"Segue abaixo a lista dos aprovados no Edital 141\/2017, do Programa de P\u00f3s-Gradua\u00e7\u00e3o em Meteorologia, em ordem de classifica\u00e7\u00e3o: Muller Junior Martins dos Santos\u00a0 Ana Lucia da Silva Nascimento Bruna Ludtke Paim Josiele Souza dos Santos William Duarte Jacondino Nelson Pedro Antoino Mateus Gustavo Colep\u00edcolo Monteiro Kelli Silva de Lara Leticia Moreira Nick (Suplente) A... Leia mais","og_url":"https:\/\/wp.ufpel.edu.br\/ppgmet\/2017\/12\/14\/resultado-do-processo-seletivo-ppgmet-2018-1\/","article_published_time":"2017-12-14T13:50:47+00:00","author":"ppgmet","twitter_card":"summary_large_image","twitter_misc":{"Escrito por":"ppgmet","Est. tempo de leitura":"1 minuto"},"schema":{"@context":"https:\/\/schema.org","@graph":[{"@type":"Article","@id":"https:\/\/wp.ufpel.edu.br\/ppgmet\/2017\/12\/14\/resultado-do-processo-seletivo-ppgmet-2018-1\/#article","isPartOf":{"@id":"https:\/\/wp.ufpel.edu.br\/ppgmet\/2017\/12\/14\/resultado-do-processo-seletivo-ppgmet-2018-1\/"},"author":{"name":"ppgmet","@id":"https:\/\/wp.ufpel.edu.br\/ppgmet\/#\/schema\/person\/7d2e4dda600f26864055006f3d2843ed"},"headline":"Resultado do Processo Seletivo PPGMET 2018-1","datePublished":"2017-12-14T13:50:47+00:00","mainEntityOfPage":{"@id":"https:\/\/wp.ufpel.edu.br\/ppgmet\/2017\/12\/14\/resultado-do-processo-seletivo-ppgmet-2018-1\/"},"wordCount":121,"articleSection":["Not\u00edcias"],"inLanguage":"pt-BR"},{"@type":"WebPage","@id":"https:\/\/wp.ufpel.edu.br\/ppgmet\/2017\/12\/14\/resultado-do-processo-seletivo-ppgmet-2018-1\/","url":"https:\/\/wp.ufpel.edu.br\/ppgmet\/2017\/12\/14\/resultado-do-processo-seletivo-ppgmet-2018-1\/","name":"Resultado do Processo Seletivo PPGMET 2018-1 -","isPartOf":{"@id":"https:\/\/wp.ufpel.edu.br\/ppgmet\/#website"},"datePublished":"2017-12-14T13:50:47+00:00","author":{"@id":"https:\/\/wp.ufpel.edu.br\/ppgmet\/#\/schema\/person\/7d2e4dda600f26864055006f3d2843ed"},"breadcrumb":{"@id":"https:\/\/wp.ufpel.edu.br\/ppgmet\/2017\/12\/14\/resultado-do-processo-seletivo-ppgmet-2018-1\/#breadcrumb"},"inLanguage":"pt-BR","potentialAction":[{"@type":"ReadAction","target":["https:\/\/wp.ufpel.edu.br\/ppgmet\/2017\/12\/14\/resultado-do-processo-seletivo-ppgmet-2018-1\/"]}]},{"@type":"BreadcrumbList","@id":"https:\/\/wp.ufpel.edu.br\/ppgmet\/2017\/12\/14\/resultado-do-processo-seletivo-ppgmet-2018-1\/#breadcrumb","itemListElement":[{"@type":"ListItem","position":1,"name":"In\u00edcio","item":"https:\/\/wp.ufpel.edu.br\/ppgmet\/"},{"@type":"ListItem","position":2,"name":"Resultado do Processo Seletivo PPGMET 2018-1"}]},{"@type":"WebSite","@id":"https:\/\/wp.ufpel.edu.br\/ppgmet\/#website","url":"https:\/\/wp.ufpel.edu.br\/ppgmet\/","name":"","description":"Programa de P\u00f3s Gradua\u00e7\u00e3o em Meteorologia","potentialAction":[{"@type":"SearchAction","target":{"@type":"EntryPoint","urlTemplate":"https:\/\/wp.ufpel.edu.br\/ppgmet\/?s={search_term_string}"},"query-input":{"@type":"PropertyValueSpecification","valueRequired":true,"valueName":"search_term_string"}}],"inLanguage":"pt-BR"},{"@type":"Person","@id":"https:\/\/wp.ufpel.edu.br\/ppgmet\/#\/schema\/person\/7d2e4dda600f26864055006f3d2843ed","name":"ppgmet","image":{"@type":"ImageObject","inLanguage":"pt-BR","@id":"https:\/\/wp.ufpel.edu.br\/ppgmet\/#\/schema\/person\/image\/","url":"https:\/\/secure.gravatar.com\/avatar\/2aee8c316c9b85c8c8ecb6d44afa759d5dc24847f33ab5a25d8bcc9884d82ac0?s=96&d=mm&r=g","contentUrl":"https:\/\/secure.gravatar.com\/avatar\/2aee8c316c9b85c8c8ecb6d44afa759d5dc24847f33ab5a25d8bcc9884d82ac0?s=96&d=mm&r=g","caption":"ppgmet"},"url":"https:\/\/wp.ufpel.edu.br\/ppgmet\/author\/ppgmet\/"}]}},"jetpack_publicize_connections":[],"jetpack_featured_media_url":"","jetpack_sharing_enabled":true,"jetpack_shortlink":"https:\/\/wp.me\/p8qPE3-90","_links":{"self":[{"href":"https:\/\/wp.ufpel.edu.br\/ppgmet\/wp-json\/wp\/v2\/posts\/558","targetHints":{"allow":["GET"]}}],"collection":[{"href":"https:\/\/wp.ufpel.edu.br\/ppgmet\/wp-json\/wp\/v2\/posts"}],"about":[{"href":"https:\/\/wp.ufpel.edu.br\/ppgmet\/wp-json\/wp\/v2\/types\/post"}],"author":[{"embeddable":true,"href":"https:\/\/wp.ufpel.edu.br\/ppgmet\/wp-json\/wp\/v2\/users\/424"}],"replies":[{"embeddable":true,"href":"https:\/\/wp.ufpel.edu.br\/ppgmet\/wp-json\/wp\/v2\/comments?post=558"}],"version-history":[{"count":1,"href":"https:\/\/wp.ufpel.edu.br\/ppgmet\/wp-json\/wp\/v2\/posts\/558\/revisions"}],"predecessor-version":[{"id":560,"href":"https:\/\/wp.ufpel.edu.br\/ppgmet\/wp-json\/wp\/v2\/posts\/558\/revisions\/560"}],"wp:attachment":[{"href":"https:\/\/wp.ufpel.edu.br\/ppgmet\/wp-json\/wp\/v2\/media?parent=558"}],"wp:term":[{"taxonomy":"category","embeddable":true,"href":"https:\/\/wp.ufpel.edu.br\/ppgmet\/wp-json\/wp\/v2\/categories?post=558"},{"taxonomy":"post_tag","embeddable":true,"href":"https:\/\/wp.ufpel.edu.br\/ppgmet\/wp-json\/wp\/v2\/tags?post=558"}],"curies":[{"name":"wp","href":"https:\/\/api.w.org\/{rel}","templated":true}]}}