{"id":319,"date":"2016-12-13T09:23:20","date_gmt":"2016-12-13T11:23:20","guid":{"rendered":"https:\/\/wp.ufpel.edu.br\/ppgmet\/?p=319"},"modified":"2016-12-13T09:23:20","modified_gmt":"2016-12-13T11:23:20","slug":"horario-da-entrevistas-da-selecao-para-mestrado-ppgmet","status":"publish","type":"post","link":"https:\/\/wp.ufpel.edu.br\/ppgmet\/2016\/12\/13\/horario-da-entrevistas-da-selecao-para-mestrado-ppgmet\/","title":{"rendered":"Hor\u00e1rio da entrevistas da Sele\u00e7\u00e3o para Mestrado PPGMET"},"content":{"rendered":"<p>As entrevistas ser\u00e3o feitas presencialmente ou por telefone conforme indicado no edital.<\/p>\n<p>Abaixo o cronograma com os hor\u00e1rios:<\/p>\n<table>\n<tbody>\n<tr>\n<td>\n<p style=\"text-align: center\"><strong>Nome<\/strong><\/p>\n<\/td>\n<td style=\"text-align: center\"><strong>Hor\u00e1rio da Entrevista (hor\u00e1rio de Bras\u00edlia)<\/strong><\/td>\n<\/tr>\n<tr>\n<td>\n<p style=\"text-align: center\">\u00c1lvaro Vasconcellos de \u00c1vila<\/p>\n<\/td>\n<td style=\"text-align: center\">09:00<\/td>\n<\/tr>\n<tr>\n<td style=\"text-align: center\">Cairo Schulz Klug<\/td>\n<td>\n<p style=\"text-align: center\">09:15<\/p>\n<\/td>\n<\/tr>\n<tr>\n<td>\n<p style=\"text-align: center\">Edeon Sandmann de Deus<\/p>\n<\/td>\n<td>\n<p style=\"text-align: center\">09:30<\/p>\n<\/td>\n<\/tr>\n<tr>\n<td>\n<p style=\"text-align: center\">Josiele Souza dos Santos<\/p>\n<\/td>\n<td>\n<p style=\"text-align: center\">09:45<\/p>\n<\/td>\n<\/tr>\n<tr>\n<td>\n<p style=\"text-align: center\">Leila M\u00e1rcia Pinheiro de Castro<\/p>\n<\/td>\n<td>\n<p style=\"text-align: center\">10:00<\/p>\n<\/td>\n<\/tr>\n<tr>\n<td>\n<p style=\"text-align: center\">Let\u00edcia Moreira Nick<\/p>\n<\/td>\n<td>\n<p style=\"text-align: center\">10:15<\/p>\n<\/td>\n<\/tr>\n<tr>\n<td style=\"text-align: center\">Lucas Tadeo<\/td>\n<td>\n<p style=\"text-align: center\">10:30<\/p>\n<\/td>\n<\/tr>\n<tr>\n<td>\n<p style=\"text-align: center\">Nath\u00e1lia Bissaque Pessota<\/p>\n<\/td>\n<td style=\"text-align: center\">10:45<\/td>\n<\/tr>\n<tr>\n<td>\n<p style=\"text-align: center\">Ot\u00e1vio Voloski Coutinho<\/p>\n<\/td>\n<td style=\"text-align: center\">11:00<\/td>\n<\/tr>\n<tr>\n<td>\n<p style=\"text-align: center\">Patr\u00edcia Ferreira Jardim Camargo<\/p>\n<\/td>\n<td>\n<p style=\"text-align: center\">11:15<\/p>\n<\/td>\n<\/tr>\n<tr>\n<td style=\"text-align: center\">St\u00e9phano dos Reis Freitas<\/td>\n<td>\n<p style=\"text-align: center\">11:30<\/p>\n<\/td>\n<\/tr>\n<tr>\n<td style=\"text-align: center\">William Ferreira Coelho<\/td>\n<td>\n<p style=\"text-align: center\">11:45<\/p>\n<\/td>\n<\/tr>\n<tr>\n<td>\n<p style=\"text-align: center\">Dayanis Monteiro Borges<\/p>\n<\/td>\n<td style=\"text-align: center\">12:00<\/td>\n<\/tr>\n<tr>\n<td style=\"text-align: center\">Grisel Oliveira Arenilhas<\/td>\n<td>\n<p style=\"text-align: center\">12:15<\/p>\n<\/td>\n<\/tr>\n<tr>\n<td>\n<p style=\"text-align: center\">Frank Menezes de Freitas<\/p>\n<\/td>\n<td style=\"text-align: center\">12:30<\/td>\n<\/tr>\n<tr>\n<td style=\"text-align: center\">Michel Junior Lisboa Rodrigues<\/td>\n<td>\n<p style=\"text-align: center\">12:45<\/p>\n<\/td>\n<\/tr>\n<\/tbody>\n<\/table>\n<p><\/p>\n","protected":false},"excerpt":{"rendered":"<p>As entrevistas ser\u00e3o feitas presencialmente ou por telefone conforme indicado no edital. Abaixo o cronograma com os hor\u00e1rios: Nome Hor\u00e1rio da Entrevista (hor\u00e1rio de Bras\u00edlia) \u00c1lvaro Vasconcellos de \u00c1vila 09:00 Cairo Schulz Klug 09:15 Edeon Sandmann de Deus 09:30 Josiele Souza dos Santos 09:45 Leila M\u00e1rcia Pinheiro de Castro 10:00 Let\u00edcia Moreira Nick 10:15 Lucas&#8230; <\/p>\n<div class=\"link-more\"><a href=\"https:\/\/wp.ufpel.edu.br\/ppgmet\/2016\/12\/13\/horario-da-entrevistas-da-selecao-para-mestrado-ppgmet\/\">Leia mais<\/a><\/div>\n","protected":false},"author":424,"featured_media":0,"comment_status":"closed","ping_status":"closed","sticky":false,"template":"","format":"standard","meta":{"jetpack_post_was_ever_published":false,"_jetpack_newsletter_access":"","_jetpack_dont_email_post_to_subs":false,"_jetpack_newsletter_tier_id":0,"_jetpack_memberships_contains_paywalled_content":false,"_jetpack_memberships_contains_paid_content":false,"footnotes":"","jetpack_publicize_message":"","jetpack_publicize_feature_enabled":true,"jetpack_social_post_already_shared":false,"jetpack_social_options":{"image_generator_settings":{"template":"highway","default_image_id":0,"font":"","enabled":false},"version":2}},"categories":[18],"tags":[],"class_list":["post-319","post","type-post","status-publish","format-standard","hentry","category-noticias"],"yoast_head":"<!-- This site is optimized with the Yoast SEO plugin v26.7 - https:\/\/yoast.com\/wordpress\/plugins\/seo\/ -->\n<title>Hor\u00e1rio da entrevistas da Sele\u00e7\u00e3o para Mestrado PPGMET -<\/title>\n<meta name=\"robots\" content=\"index, follow, max-snippet:-1, max-image-preview:large, max-video-preview:-1\" \/>\n<link rel=\"canonical\" href=\"https:\/\/wp.ufpel.edu.br\/ppgmet\/2016\/12\/13\/horario-da-entrevistas-da-selecao-para-mestrado-ppgmet\/\" \/>\n<meta property=\"og:locale\" content=\"pt_BR\" \/>\n<meta property=\"og:type\" content=\"article\" \/>\n<meta property=\"og:title\" content=\"Hor\u00e1rio da entrevistas da Sele\u00e7\u00e3o para Mestrado PPGMET -\" \/>\n<meta property=\"og:description\" content=\"As entrevistas ser\u00e3o feitas presencialmente ou por telefone conforme indicado no edital. Abaixo o cronograma com os hor\u00e1rios: Nome Hor\u00e1rio da Entrevista (hor\u00e1rio de Bras\u00edlia) \u00c1lvaro Vasconcellos de \u00c1vila 09:00 Cairo Schulz Klug 09:15 Edeon Sandmann de Deus 09:30 Josiele Souza dos Santos 09:45 Leila M\u00e1rcia Pinheiro de Castro 10:00 Let\u00edcia Moreira Nick 10:15 Lucas... Leia mais\" \/>\n<meta property=\"og:url\" content=\"https:\/\/wp.ufpel.edu.br\/ppgmet\/2016\/12\/13\/horario-da-entrevistas-da-selecao-para-mestrado-ppgmet\/\" \/>\n<meta property=\"article:published_time\" content=\"2016-12-13T11:23:20+00:00\" \/>\n<meta name=\"author\" content=\"ppgmet\" \/>\n<meta name=\"twitter:card\" content=\"summary_large_image\" \/>\n<meta name=\"twitter:label1\" content=\"Escrito por\" \/>\n\t<meta name=\"twitter:data1\" content=\"ppgmet\" \/>\n<script type=\"application\/ld+json\" class=\"yoast-schema-graph\">{\"@context\":\"https:\/\/schema.org\",\"@graph\":[{\"@type\":\"Article\",\"@id\":\"https:\/\/wp.ufpel.edu.br\/ppgmet\/2016\/12\/13\/horario-da-entrevistas-da-selecao-para-mestrado-ppgmet\/#article\",\"isPartOf\":{\"@id\":\"https:\/\/wp.ufpel.edu.br\/ppgmet\/2016\/12\/13\/horario-da-entrevistas-da-selecao-para-mestrado-ppgmet\/\"},\"author\":{\"name\":\"ppgmet\",\"@id\":\"https:\/\/wp.ufpel.edu.br\/ppgmet\/#\/schema\/person\/7d2e4dda600f26864055006f3d2843ed\"},\"headline\":\"Hor\u00e1rio da entrevistas da Sele\u00e7\u00e3o para Mestrado PPGMET\",\"datePublished\":\"2016-12-13T11:23:20+00:00\",\"mainEntityOfPage\":{\"@id\":\"https:\/\/wp.ufpel.edu.br\/ppgmet\/2016\/12\/13\/horario-da-entrevistas-da-selecao-para-mestrado-ppgmet\/\"},\"wordCount\":102,\"articleSection\":[\"Not\u00edcias\"],\"inLanguage\":\"pt-BR\"},{\"@type\":\"WebPage\",\"@id\":\"https:\/\/wp.ufpel.edu.br\/ppgmet\/2016\/12\/13\/horario-da-entrevistas-da-selecao-para-mestrado-ppgmet\/\",\"url\":\"https:\/\/wp.ufpel.edu.br\/ppgmet\/2016\/12\/13\/horario-da-entrevistas-da-selecao-para-mestrado-ppgmet\/\",\"name\":\"Hor\u00e1rio da entrevistas da Sele\u00e7\u00e3o para Mestrado PPGMET -\",\"isPartOf\":{\"@id\":\"https:\/\/wp.ufpel.edu.br\/ppgmet\/#website\"},\"datePublished\":\"2016-12-13T11:23:20+00:00\",\"author\":{\"@id\":\"https:\/\/wp.ufpel.edu.br\/ppgmet\/#\/schema\/person\/7d2e4dda600f26864055006f3d2843ed\"},\"breadcrumb\":{\"@id\":\"https:\/\/wp.ufpel.edu.br\/ppgmet\/2016\/12\/13\/horario-da-entrevistas-da-selecao-para-mestrado-ppgmet\/#breadcrumb\"},\"inLanguage\":\"pt-BR\",\"potentialAction\":[{\"@type\":\"ReadAction\",\"target\":[\"https:\/\/wp.ufpel.edu.br\/ppgmet\/2016\/12\/13\/horario-da-entrevistas-da-selecao-para-mestrado-ppgmet\/\"]}]},{\"@type\":\"BreadcrumbList\",\"@id\":\"https:\/\/wp.ufpel.edu.br\/ppgmet\/2016\/12\/13\/horario-da-entrevistas-da-selecao-para-mestrado-ppgmet\/#breadcrumb\",\"itemListElement\":[{\"@type\":\"ListItem\",\"position\":1,\"name\":\"In\u00edcio\",\"item\":\"https:\/\/wp.ufpel.edu.br\/ppgmet\/\"},{\"@type\":\"ListItem\",\"position\":2,\"name\":\"Hor\u00e1rio da entrevistas da Sele\u00e7\u00e3o para Mestrado PPGMET\"}]},{\"@type\":\"WebSite\",\"@id\":\"https:\/\/wp.ufpel.edu.br\/ppgmet\/#website\",\"url\":\"https:\/\/wp.ufpel.edu.br\/ppgmet\/\",\"name\":\"\",\"description\":\"Programa de P\u00f3s Gradua\u00e7\u00e3o em Meteorologia\",\"potentialAction\":[{\"@type\":\"SearchAction\",\"target\":{\"@type\":\"EntryPoint\",\"urlTemplate\":\"https:\/\/wp.ufpel.edu.br\/ppgmet\/?s={search_term_string}\"},\"query-input\":{\"@type\":\"PropertyValueSpecification\",\"valueRequired\":true,\"valueName\":\"search_term_string\"}}],\"inLanguage\":\"pt-BR\"},{\"@type\":\"Person\",\"@id\":\"https:\/\/wp.ufpel.edu.br\/ppgmet\/#\/schema\/person\/7d2e4dda600f26864055006f3d2843ed\",\"name\":\"ppgmet\",\"image\":{\"@type\":\"ImageObject\",\"inLanguage\":\"pt-BR\",\"@id\":\"https:\/\/wp.ufpel.edu.br\/ppgmet\/#\/schema\/person\/image\/\",\"url\":\"https:\/\/secure.gravatar.com\/avatar\/2aee8c316c9b85c8c8ecb6d44afa759d5dc24847f33ab5a25d8bcc9884d82ac0?s=96&d=mm&r=g\",\"contentUrl\":\"https:\/\/secure.gravatar.com\/avatar\/2aee8c316c9b85c8c8ecb6d44afa759d5dc24847f33ab5a25d8bcc9884d82ac0?s=96&d=mm&r=g\",\"caption\":\"ppgmet\"},\"url\":\"https:\/\/wp.ufpel.edu.br\/ppgmet\/author\/ppgmet\/\"}]}<\/script>\n<!-- \/ Yoast SEO plugin. -->","yoast_head_json":{"title":"Hor\u00e1rio da entrevistas da Sele\u00e7\u00e3o para Mestrado PPGMET -","robots":{"index":"index","follow":"follow","max-snippet":"max-snippet:-1","max-image-preview":"max-image-preview:large","max-video-preview":"max-video-preview:-1"},"canonical":"https:\/\/wp.ufpel.edu.br\/ppgmet\/2016\/12\/13\/horario-da-entrevistas-da-selecao-para-mestrado-ppgmet\/","og_locale":"pt_BR","og_type":"article","og_title":"Hor\u00e1rio da entrevistas da Sele\u00e7\u00e3o para Mestrado PPGMET -","og_description":"As entrevistas ser\u00e3o feitas presencialmente ou por telefone conforme indicado no edital. Abaixo o cronograma com os hor\u00e1rios: Nome Hor\u00e1rio da Entrevista (hor\u00e1rio de Bras\u00edlia) \u00c1lvaro Vasconcellos de \u00c1vila 09:00 Cairo Schulz Klug 09:15 Edeon Sandmann de Deus 09:30 Josiele Souza dos Santos 09:45 Leila M\u00e1rcia Pinheiro de Castro 10:00 Let\u00edcia Moreira Nick 10:15 Lucas... Leia mais","og_url":"https:\/\/wp.ufpel.edu.br\/ppgmet\/2016\/12\/13\/horario-da-entrevistas-da-selecao-para-mestrado-ppgmet\/","article_published_time":"2016-12-13T11:23:20+00:00","author":"ppgmet","twitter_card":"summary_large_image","twitter_misc":{"Escrito por":"ppgmet"},"schema":{"@context":"https:\/\/schema.org","@graph":[{"@type":"Article","@id":"https:\/\/wp.ufpel.edu.br\/ppgmet\/2016\/12\/13\/horario-da-entrevistas-da-selecao-para-mestrado-ppgmet\/#article","isPartOf":{"@id":"https:\/\/wp.ufpel.edu.br\/ppgmet\/2016\/12\/13\/horario-da-entrevistas-da-selecao-para-mestrado-ppgmet\/"},"author":{"name":"ppgmet","@id":"https:\/\/wp.ufpel.edu.br\/ppgmet\/#\/schema\/person\/7d2e4dda600f26864055006f3d2843ed"},"headline":"Hor\u00e1rio da entrevistas da Sele\u00e7\u00e3o para Mestrado PPGMET","datePublished":"2016-12-13T11:23:20+00:00","mainEntityOfPage":{"@id":"https:\/\/wp.ufpel.edu.br\/ppgmet\/2016\/12\/13\/horario-da-entrevistas-da-selecao-para-mestrado-ppgmet\/"},"wordCount":102,"articleSection":["Not\u00edcias"],"inLanguage":"pt-BR"},{"@type":"WebPage","@id":"https:\/\/wp.ufpel.edu.br\/ppgmet\/2016\/12\/13\/horario-da-entrevistas-da-selecao-para-mestrado-ppgmet\/","url":"https:\/\/wp.ufpel.edu.br\/ppgmet\/2016\/12\/13\/horario-da-entrevistas-da-selecao-para-mestrado-ppgmet\/","name":"Hor\u00e1rio da entrevistas da Sele\u00e7\u00e3o para Mestrado PPGMET -","isPartOf":{"@id":"https:\/\/wp.ufpel.edu.br\/ppgmet\/#website"},"datePublished":"2016-12-13T11:23:20+00:00","author":{"@id":"https:\/\/wp.ufpel.edu.br\/ppgmet\/#\/schema\/person\/7d2e4dda600f26864055006f3d2843ed"},"breadcrumb":{"@id":"https:\/\/wp.ufpel.edu.br\/ppgmet\/2016\/12\/13\/horario-da-entrevistas-da-selecao-para-mestrado-ppgmet\/#breadcrumb"},"inLanguage":"pt-BR","potentialAction":[{"@type":"ReadAction","target":["https:\/\/wp.ufpel.edu.br\/ppgmet\/2016\/12\/13\/horario-da-entrevistas-da-selecao-para-mestrado-ppgmet\/"]}]},{"@type":"BreadcrumbList","@id":"https:\/\/wp.ufpel.edu.br\/ppgmet\/2016\/12\/13\/horario-da-entrevistas-da-selecao-para-mestrado-ppgmet\/#breadcrumb","itemListElement":[{"@type":"ListItem","position":1,"name":"In\u00edcio","item":"https:\/\/wp.ufpel.edu.br\/ppgmet\/"},{"@type":"ListItem","position":2,"name":"Hor\u00e1rio da entrevistas da Sele\u00e7\u00e3o para Mestrado PPGMET"}]},{"@type":"WebSite","@id":"https:\/\/wp.ufpel.edu.br\/ppgmet\/#website","url":"https:\/\/wp.ufpel.edu.br\/ppgmet\/","name":"","description":"Programa de P\u00f3s Gradua\u00e7\u00e3o em Meteorologia","potentialAction":[{"@type":"SearchAction","target":{"@type":"EntryPoint","urlTemplate":"https:\/\/wp.ufpel.edu.br\/ppgmet\/?s={search_term_string}"},"query-input":{"@type":"PropertyValueSpecification","valueRequired":true,"valueName":"search_term_string"}}],"inLanguage":"pt-BR"},{"@type":"Person","@id":"https:\/\/wp.ufpel.edu.br\/ppgmet\/#\/schema\/person\/7d2e4dda600f26864055006f3d2843ed","name":"ppgmet","image":{"@type":"ImageObject","inLanguage":"pt-BR","@id":"https:\/\/wp.ufpel.edu.br\/ppgmet\/#\/schema\/person\/image\/","url":"https:\/\/secure.gravatar.com\/avatar\/2aee8c316c9b85c8c8ecb6d44afa759d5dc24847f33ab5a25d8bcc9884d82ac0?s=96&d=mm&r=g","contentUrl":"https:\/\/secure.gravatar.com\/avatar\/2aee8c316c9b85c8c8ecb6d44afa759d5dc24847f33ab5a25d8bcc9884d82ac0?s=96&d=mm&r=g","caption":"ppgmet"},"url":"https:\/\/wp.ufpel.edu.br\/ppgmet\/author\/ppgmet\/"}]}},"jetpack_publicize_connections":[],"jetpack_featured_media_url":"","jetpack_sharing_enabled":true,"jetpack_shortlink":"https:\/\/wp.me\/p8qPE3-59","_links":{"self":[{"href":"https:\/\/wp.ufpel.edu.br\/ppgmet\/wp-json\/wp\/v2\/posts\/319","targetHints":{"allow":["GET"]}}],"collection":[{"href":"https:\/\/wp.ufpel.edu.br\/ppgmet\/wp-json\/wp\/v2\/posts"}],"about":[{"href":"https:\/\/wp.ufpel.edu.br\/ppgmet\/wp-json\/wp\/v2\/types\/post"}],"author":[{"embeddable":true,"href":"https:\/\/wp.ufpel.edu.br\/ppgmet\/wp-json\/wp\/v2\/users\/424"}],"replies":[{"embeddable":true,"href":"https:\/\/wp.ufpel.edu.br\/ppgmet\/wp-json\/wp\/v2\/comments?post=319"}],"version-history":[{"count":2,"href":"https:\/\/wp.ufpel.edu.br\/ppgmet\/wp-json\/wp\/v2\/posts\/319\/revisions"}],"predecessor-version":[{"id":322,"href":"https:\/\/wp.ufpel.edu.br\/ppgmet\/wp-json\/wp\/v2\/posts\/319\/revisions\/322"}],"wp:attachment":[{"href":"https:\/\/wp.ufpel.edu.br\/ppgmet\/wp-json\/wp\/v2\/media?parent=319"}],"wp:term":[{"taxonomy":"category","embeddable":true,"href":"https:\/\/wp.ufpel.edu.br\/ppgmet\/wp-json\/wp\/v2\/categories?post=319"},{"taxonomy":"post_tag","embeddable":true,"href":"https:\/\/wp.ufpel.edu.br\/ppgmet\/wp-json\/wp\/v2\/tags?post=319"}],"curies":[{"name":"wp","href":"https:\/\/api.w.org\/{rel}","templated":true}]}}