{"id":1050,"date":"2022-09-15T00:14:15","date_gmt":"2022-09-15T03:14:15","guid":{"rendered":"https:\/\/wp.ufpel.edu.br\/ppgmet\/?p=1050"},"modified":"2022-09-15T00:14:15","modified_gmt":"2022-09-15T03:14:15","slug":"resultado-da-selecao-interna-para-bolsa-cnpq-09-2022","status":"publish","type":"post","link":"https:\/\/wp.ufpel.edu.br\/ppgmet\/2022\/09\/15\/resultado-da-selecao-interna-para-bolsa-cnpq-09-2022\/","title":{"rendered":"Resultado da sele\u00e7\u00e3o interna para bolsa CNPQ 09\/2022"},"content":{"rendered":"<p class=\"Texto_Justificado_Recuo_Primeira_Linha\">Classifica\u00e7\u00e3o dos candidatos aprovados:<\/p>\n<p class=\"Texto_Justificado_Recuo_Primeira_Linha\">1 &#8211; Emily Claudia Pereira Ramos<\/p>\n<p class=\"Texto_Justificado_Recuo_Primeira_Linha\">2 &#8211; Bruno Coelho Bulc\u00e3o<\/p>\n<p class=\"Texto_Justificado_Recuo_Primeira_Linha\">3 &#8211; Marcos Jean da Silva<\/p>\n","protected":false},"excerpt":{"rendered":"<p>Classifica\u00e7\u00e3o dos candidatos aprovados: 1 &#8211; Emily Claudia Pereira Ramos 2 &#8211; Bruno Coelho Bulc\u00e3o 3 &#8211; Marcos Jean da Silva<\/p>\n","protected":false},"author":424,"featured_media":0,"comment_status":"closed","ping_status":"closed","sticky":false,"template":"","format":"standard","meta":{"jetpack_post_was_ever_published":false,"_jetpack_newsletter_access":"","_jetpack_dont_email_post_to_subs":false,"_jetpack_newsletter_tier_id":0,"_jetpack_memberships_contains_paywalled_content":false,"_jetpack_memberships_contains_paid_content":false,"footnotes":"","jetpack_publicize_message":"","jetpack_publicize_feature_enabled":true,"jetpack_social_post_already_shared":true,"jetpack_social_options":{"image_generator_settings":{"template":"highway","default_image_id":0,"font":"","enabled":false},"version":2}},"categories":[18],"tags":[],"class_list":["post-1050","post","type-post","status-publish","format-standard","hentry","category-noticias"],"yoast_head":"<!-- This site is optimized with the Yoast SEO plugin v26.7 - https:\/\/yoast.com\/wordpress\/plugins\/seo\/ -->\n<title>Resultado da sele\u00e7\u00e3o interna para bolsa CNPQ 09\/2022 -<\/title>\n<meta name=\"robots\" content=\"index, follow, max-snippet:-1, max-image-preview:large, max-video-preview:-1\" \/>\n<link rel=\"canonical\" href=\"https:\/\/wp.ufpel.edu.br\/ppgmet\/2022\/09\/15\/resultado-da-selecao-interna-para-bolsa-cnpq-09-2022\/\" \/>\n<meta property=\"og:locale\" content=\"pt_BR\" \/>\n<meta property=\"og:type\" content=\"article\" \/>\n<meta property=\"og:title\" content=\"Resultado da sele\u00e7\u00e3o interna para bolsa CNPQ 09\/2022 -\" \/>\n<meta property=\"og:description\" content=\"Classifica\u00e7\u00e3o dos candidatos aprovados: 1 &#8211; Emily Claudia Pereira Ramos 2 &#8211; Bruno Coelho Bulc\u00e3o 3 &#8211; Marcos Jean da Silva\" \/>\n<meta property=\"og:url\" content=\"https:\/\/wp.ufpel.edu.br\/ppgmet\/2022\/09\/15\/resultado-da-selecao-interna-para-bolsa-cnpq-09-2022\/\" \/>\n<meta property=\"article:published_time\" content=\"2022-09-15T03:14:15+00:00\" \/>\n<meta name=\"author\" content=\"ppgmet\" \/>\n<meta name=\"twitter:card\" content=\"summary_large_image\" \/>\n<meta name=\"twitter:label1\" content=\"Escrito por\" \/>\n\t<meta name=\"twitter:data1\" content=\"ppgmet\" \/>\n\t<meta name=\"twitter:label2\" content=\"Est. tempo de leitura\" \/>\n\t<meta name=\"twitter:data2\" content=\"1 minuto\" \/>\n<script type=\"application\/ld+json\" class=\"yoast-schema-graph\">{\"@context\":\"https:\/\/schema.org\",\"@graph\":[{\"@type\":\"Article\",\"@id\":\"https:\/\/wp.ufpel.edu.br\/ppgmet\/2022\/09\/15\/resultado-da-selecao-interna-para-bolsa-cnpq-09-2022\/#article\",\"isPartOf\":{\"@id\":\"https:\/\/wp.ufpel.edu.br\/ppgmet\/2022\/09\/15\/resultado-da-selecao-interna-para-bolsa-cnpq-09-2022\/\"},\"author\":{\"name\":\"ppgmet\",\"@id\":\"https:\/\/wp.ufpel.edu.br\/ppgmet\/#\/schema\/person\/7d2e4dda600f26864055006f3d2843ed\"},\"headline\":\"Resultado da sele\u00e7\u00e3o interna para bolsa CNPQ 09\/2022\",\"datePublished\":\"2022-09-15T03:14:15+00:00\",\"mainEntityOfPage\":{\"@id\":\"https:\/\/wp.ufpel.edu.br\/ppgmet\/2022\/09\/15\/resultado-da-selecao-interna-para-bolsa-cnpq-09-2022\/\"},\"wordCount\":28,\"articleSection\":[\"Not\u00edcias\"],\"inLanguage\":\"pt-BR\"},{\"@type\":\"WebPage\",\"@id\":\"https:\/\/wp.ufpel.edu.br\/ppgmet\/2022\/09\/15\/resultado-da-selecao-interna-para-bolsa-cnpq-09-2022\/\",\"url\":\"https:\/\/wp.ufpel.edu.br\/ppgmet\/2022\/09\/15\/resultado-da-selecao-interna-para-bolsa-cnpq-09-2022\/\",\"name\":\"Resultado da sele\u00e7\u00e3o interna para bolsa CNPQ 09\/2022 -\",\"isPartOf\":{\"@id\":\"https:\/\/wp.ufpel.edu.br\/ppgmet\/#website\"},\"datePublished\":\"2022-09-15T03:14:15+00:00\",\"author\":{\"@id\":\"https:\/\/wp.ufpel.edu.br\/ppgmet\/#\/schema\/person\/7d2e4dda600f26864055006f3d2843ed\"},\"breadcrumb\":{\"@id\":\"https:\/\/wp.ufpel.edu.br\/ppgmet\/2022\/09\/15\/resultado-da-selecao-interna-para-bolsa-cnpq-09-2022\/#breadcrumb\"},\"inLanguage\":\"pt-BR\",\"potentialAction\":[{\"@type\":\"ReadAction\",\"target\":[\"https:\/\/wp.ufpel.edu.br\/ppgmet\/2022\/09\/15\/resultado-da-selecao-interna-para-bolsa-cnpq-09-2022\/\"]}]},{\"@type\":\"BreadcrumbList\",\"@id\":\"https:\/\/wp.ufpel.edu.br\/ppgmet\/2022\/09\/15\/resultado-da-selecao-interna-para-bolsa-cnpq-09-2022\/#breadcrumb\",\"itemListElement\":[{\"@type\":\"ListItem\",\"position\":1,\"name\":\"In\u00edcio\",\"item\":\"https:\/\/wp.ufpel.edu.br\/ppgmet\/\"},{\"@type\":\"ListItem\",\"position\":2,\"name\":\"Resultado da sele\u00e7\u00e3o interna para bolsa CNPQ 09\/2022\"}]},{\"@type\":\"WebSite\",\"@id\":\"https:\/\/wp.ufpel.edu.br\/ppgmet\/#website\",\"url\":\"https:\/\/wp.ufpel.edu.br\/ppgmet\/\",\"name\":\"\",\"description\":\"Programa de P\u00f3s Gradua\u00e7\u00e3o em Meteorologia\",\"potentialAction\":[{\"@type\":\"SearchAction\",\"target\":{\"@type\":\"EntryPoint\",\"urlTemplate\":\"https:\/\/wp.ufpel.edu.br\/ppgmet\/?s={search_term_string}\"},\"query-input\":{\"@type\":\"PropertyValueSpecification\",\"valueRequired\":true,\"valueName\":\"search_term_string\"}}],\"inLanguage\":\"pt-BR\"},{\"@type\":\"Person\",\"@id\":\"https:\/\/wp.ufpel.edu.br\/ppgmet\/#\/schema\/person\/7d2e4dda600f26864055006f3d2843ed\",\"name\":\"ppgmet\",\"image\":{\"@type\":\"ImageObject\",\"inLanguage\":\"pt-BR\",\"@id\":\"https:\/\/wp.ufpel.edu.br\/ppgmet\/#\/schema\/person\/image\/\",\"url\":\"https:\/\/secure.gravatar.com\/avatar\/2aee8c316c9b85c8c8ecb6d44afa759d5dc24847f33ab5a25d8bcc9884d82ac0?s=96&d=mm&r=g\",\"contentUrl\":\"https:\/\/secure.gravatar.com\/avatar\/2aee8c316c9b85c8c8ecb6d44afa759d5dc24847f33ab5a25d8bcc9884d82ac0?s=96&d=mm&r=g\",\"caption\":\"ppgmet\"},\"url\":\"https:\/\/wp.ufpel.edu.br\/ppgmet\/author\/ppgmet\/\"}]}<\/script>\n<!-- \/ Yoast SEO plugin. -->","yoast_head_json":{"title":"Resultado da sele\u00e7\u00e3o interna para bolsa CNPQ 09\/2022 -","robots":{"index":"index","follow":"follow","max-snippet":"max-snippet:-1","max-image-preview":"max-image-preview:large","max-video-preview":"max-video-preview:-1"},"canonical":"https:\/\/wp.ufpel.edu.br\/ppgmet\/2022\/09\/15\/resultado-da-selecao-interna-para-bolsa-cnpq-09-2022\/","og_locale":"pt_BR","og_type":"article","og_title":"Resultado da sele\u00e7\u00e3o interna para bolsa CNPQ 09\/2022 -","og_description":"Classifica\u00e7\u00e3o dos candidatos aprovados: 1 &#8211; Emily Claudia Pereira Ramos 2 &#8211; Bruno Coelho Bulc\u00e3o 3 &#8211; Marcos Jean da Silva","og_url":"https:\/\/wp.ufpel.edu.br\/ppgmet\/2022\/09\/15\/resultado-da-selecao-interna-para-bolsa-cnpq-09-2022\/","article_published_time":"2022-09-15T03:14:15+00:00","author":"ppgmet","twitter_card":"summary_large_image","twitter_misc":{"Escrito por":"ppgmet","Est. tempo de leitura":"1 minuto"},"schema":{"@context":"https:\/\/schema.org","@graph":[{"@type":"Article","@id":"https:\/\/wp.ufpel.edu.br\/ppgmet\/2022\/09\/15\/resultado-da-selecao-interna-para-bolsa-cnpq-09-2022\/#article","isPartOf":{"@id":"https:\/\/wp.ufpel.edu.br\/ppgmet\/2022\/09\/15\/resultado-da-selecao-interna-para-bolsa-cnpq-09-2022\/"},"author":{"name":"ppgmet","@id":"https:\/\/wp.ufpel.edu.br\/ppgmet\/#\/schema\/person\/7d2e4dda600f26864055006f3d2843ed"},"headline":"Resultado da sele\u00e7\u00e3o interna para bolsa CNPQ 09\/2022","datePublished":"2022-09-15T03:14:15+00:00","mainEntityOfPage":{"@id":"https:\/\/wp.ufpel.edu.br\/ppgmet\/2022\/09\/15\/resultado-da-selecao-interna-para-bolsa-cnpq-09-2022\/"},"wordCount":28,"articleSection":["Not\u00edcias"],"inLanguage":"pt-BR"},{"@type":"WebPage","@id":"https:\/\/wp.ufpel.edu.br\/ppgmet\/2022\/09\/15\/resultado-da-selecao-interna-para-bolsa-cnpq-09-2022\/","url":"https:\/\/wp.ufpel.edu.br\/ppgmet\/2022\/09\/15\/resultado-da-selecao-interna-para-bolsa-cnpq-09-2022\/","name":"Resultado da sele\u00e7\u00e3o interna para bolsa CNPQ 09\/2022 -","isPartOf":{"@id":"https:\/\/wp.ufpel.edu.br\/ppgmet\/#website"},"datePublished":"2022-09-15T03:14:15+00:00","author":{"@id":"https:\/\/wp.ufpel.edu.br\/ppgmet\/#\/schema\/person\/7d2e4dda600f26864055006f3d2843ed"},"breadcrumb":{"@id":"https:\/\/wp.ufpel.edu.br\/ppgmet\/2022\/09\/15\/resultado-da-selecao-interna-para-bolsa-cnpq-09-2022\/#breadcrumb"},"inLanguage":"pt-BR","potentialAction":[{"@type":"ReadAction","target":["https:\/\/wp.ufpel.edu.br\/ppgmet\/2022\/09\/15\/resultado-da-selecao-interna-para-bolsa-cnpq-09-2022\/"]}]},{"@type":"BreadcrumbList","@id":"https:\/\/wp.ufpel.edu.br\/ppgmet\/2022\/09\/15\/resultado-da-selecao-interna-para-bolsa-cnpq-09-2022\/#breadcrumb","itemListElement":[{"@type":"ListItem","position":1,"name":"In\u00edcio","item":"https:\/\/wp.ufpel.edu.br\/ppgmet\/"},{"@type":"ListItem","position":2,"name":"Resultado da sele\u00e7\u00e3o interna para bolsa CNPQ 09\/2022"}]},{"@type":"WebSite","@id":"https:\/\/wp.ufpel.edu.br\/ppgmet\/#website","url":"https:\/\/wp.ufpel.edu.br\/ppgmet\/","name":"","description":"Programa de P\u00f3s Gradua\u00e7\u00e3o em Meteorologia","potentialAction":[{"@type":"SearchAction","target":{"@type":"EntryPoint","urlTemplate":"https:\/\/wp.ufpel.edu.br\/ppgmet\/?s={search_term_string}"},"query-input":{"@type":"PropertyValueSpecification","valueRequired":true,"valueName":"search_term_string"}}],"inLanguage":"pt-BR"},{"@type":"Person","@id":"https:\/\/wp.ufpel.edu.br\/ppgmet\/#\/schema\/person\/7d2e4dda600f26864055006f3d2843ed","name":"ppgmet","image":{"@type":"ImageObject","inLanguage":"pt-BR","@id":"https:\/\/wp.ufpel.edu.br\/ppgmet\/#\/schema\/person\/image\/","url":"https:\/\/secure.gravatar.com\/avatar\/2aee8c316c9b85c8c8ecb6d44afa759d5dc24847f33ab5a25d8bcc9884d82ac0?s=96&d=mm&r=g","contentUrl":"https:\/\/secure.gravatar.com\/avatar\/2aee8c316c9b85c8c8ecb6d44afa759d5dc24847f33ab5a25d8bcc9884d82ac0?s=96&d=mm&r=g","caption":"ppgmet"},"url":"https:\/\/wp.ufpel.edu.br\/ppgmet\/author\/ppgmet\/"}]}},"jetpack_publicize_connections":[],"jetpack_featured_media_url":"","jetpack_sharing_enabled":true,"jetpack_shortlink":"https:\/\/wp.me\/p8qPE3-gW","_links":{"self":[{"href":"https:\/\/wp.ufpel.edu.br\/ppgmet\/wp-json\/wp\/v2\/posts\/1050","targetHints":{"allow":["GET"]}}],"collection":[{"href":"https:\/\/wp.ufpel.edu.br\/ppgmet\/wp-json\/wp\/v2\/posts"}],"about":[{"href":"https:\/\/wp.ufpel.edu.br\/ppgmet\/wp-json\/wp\/v2\/types\/post"}],"author":[{"embeddable":true,"href":"https:\/\/wp.ufpel.edu.br\/ppgmet\/wp-json\/wp\/v2\/users\/424"}],"replies":[{"embeddable":true,"href":"https:\/\/wp.ufpel.edu.br\/ppgmet\/wp-json\/wp\/v2\/comments?post=1050"}],"version-history":[{"count":1,"href":"https:\/\/wp.ufpel.edu.br\/ppgmet\/wp-json\/wp\/v2\/posts\/1050\/revisions"}],"predecessor-version":[{"id":1052,"href":"https:\/\/wp.ufpel.edu.br\/ppgmet\/wp-json\/wp\/v2\/posts\/1050\/revisions\/1052"}],"wp:attachment":[{"href":"https:\/\/wp.ufpel.edu.br\/ppgmet\/wp-json\/wp\/v2\/media?parent=1050"}],"wp:term":[{"taxonomy":"category","embeddable":true,"href":"https:\/\/wp.ufpel.edu.br\/ppgmet\/wp-json\/wp\/v2\/categories?post=1050"},{"taxonomy":"post_tag","embeddable":true,"href":"https:\/\/wp.ufpel.edu.br\/ppgmet\/wp-json\/wp\/v2\/tags?post=1050"}],"curies":[{"name":"wp","href":"https:\/\/api.w.org\/{rel}","templated":true}]}}