{"id":772,"date":"2016-06-03T12:40:03","date_gmt":"2016-06-03T15:40:03","guid":{"rendered":"https:\/\/wp.ufpel.edu.br\/ppgl\/?p=772"},"modified":"2016-06-03T12:40:03","modified_gmt":"2016-06-03T15:40:03","slug":"erico-de-assis-realiza-conferencia-no-ppg-letras","status":"publish","type":"post","link":"https:\/\/wp.ufpel.edu.br\/ppgl\/2016\/06\/03\/erico-de-assis-realiza-conferencia-no-ppg-letras\/","title":{"rendered":"\u00c9rico de Assis realiza confer\u00eancia no PPG Letras"},"content":{"rendered":"<p><a href=\"https:\/\/wp.ufpel.edu.br\/ppgl\/files\/2016\/06\/20160602_192006.jpg\"><img class=\"alignnone size-medium wp-image-774\" src=\"https:\/\/wp.ufpel.edu.br\/ppgl\/files\/2016\/06\/20160602_192006-424x286.jpg\" alt=\"20160602_192006\" width=\"424\" height=\"286\" srcset=\"https:\/\/wp.ufpel.edu.br\/ppgl\/files\/2016\/06\/20160602_192006-424x286.jpg 424w, https:\/\/wp.ufpel.edu.br\/ppgl\/files\/2016\/06\/20160602_192006-212x143.jpg 212w, https:\/\/wp.ufpel.edu.br\/ppgl\/files\/2016\/06\/20160602_192006-768x518.jpg 768w\" sizes=\"(max-width: 424px) 100vw, 424px\" \/><\/a><\/p>\n<p><!--more--><\/p>\n<p>No dia 02\/06, o PPG Letras recebeu o jornalista\/tradutor \u00c9rico de Assis, para a confer\u00eancia &#8220;Quadrinhos e Literatura&#8221;. O evento, que contou com a participa\u00e7\u00e3o de ouvintes de diferentes cursos da UFPEL, bem como de docentes, foi coordenado pelas professoras\u00a0Juliana Steil e Beatriz Vi\u00e9gas-Faria, que atuam na \u00e1rea de Literatura Comparada do\u00a0Curso.<\/p>\n","protected":false},"excerpt":{"rendered":"","protected":false},"author":253,"featured_media":0,"comment_status":"closed","ping_status":"closed","sticky":false,"template":"","format":"standard","meta":{"jetpack_post_was_ever_published":false,"_jetpack_newsletter_access":"","_jetpack_dont_email_post_to_subs":false,"_jetpack_newsletter_tier_id":0,"_jetpack_memberships_contains_paywalled_content":false,"_jetpack_memberships_contains_paid_content":false,"footnotes":"","jetpack_publicize_message":"","jetpack_publicize_feature_enabled":true,"jetpack_social_post_already_shared":false,"jetpack_social_options":{"image_generator_settings":{"template":"highway","default_image_id":0,"font":"","enabled":false},"version":2}},"categories":[18],"tags":[],"class_list":["post-772","post","type-post","status-publish","format-standard","hentry","category-sem-categoria"],"jetpack_publicize_connections":[],"jetpack_featured_media_url":"","jetpack_sharing_enabled":true,"jetpack_shortlink":"https:\/\/wp.me\/p8vD3Q-cs","_links":{"self":[{"href":"https:\/\/wp.ufpel.edu.br\/ppgl\/wp-json\/wp\/v2\/posts\/772","targetHints":{"allow":["GET"]}}],"collection":[{"href":"https:\/\/wp.ufpel.edu.br\/ppgl\/wp-json\/wp\/v2\/posts"}],"about":[{"href":"https:\/\/wp.ufpel.edu.br\/ppgl\/wp-json\/wp\/v2\/types\/post"}],"author":[{"embeddable":true,"href":"https:\/\/wp.ufpel.edu.br\/ppgl\/wp-json\/wp\/v2\/users\/253"}],"replies":[{"embeddable":true,"href":"https:\/\/wp.ufpel.edu.br\/ppgl\/wp-json\/wp\/v2\/comments?post=772"}],"version-history":[{"count":1,"href":"https:\/\/wp.ufpel.edu.br\/ppgl\/wp-json\/wp\/v2\/posts\/772\/revisions"}],"predecessor-version":[{"id":775,"href":"https:\/\/wp.ufpel.edu.br\/ppgl\/wp-json\/wp\/v2\/posts\/772\/revisions\/775"}],"wp:attachment":[{"href":"https:\/\/wp.ufpel.edu.br\/ppgl\/wp-json\/wp\/v2\/media?parent=772"}],"wp:term":[{"taxonomy":"category","embeddable":true,"href":"https:\/\/wp.ufpel.edu.br\/ppgl\/wp-json\/wp\/v2\/categories?post=772"},{"taxonomy":"post_tag","embeddable":true,"href":"https:\/\/wp.ufpel.edu.br\/ppgl\/wp-json\/wp\/v2\/tags?post=772"}],"curies":[{"name":"wp","href":"https:\/\/api.w.org\/{rel}","templated":true}]}}