{"id":5595,"date":"2022-06-21T10:54:35","date_gmt":"2022-06-21T13:54:35","guid":{"rendered":"https:\/\/wp.ufpel.edu.br\/ppgl\/?p=5595"},"modified":"2022-06-21T10:54:35","modified_gmt":"2022-06-21T13:54:35","slug":"qualificacao-da-dissertacao-de-marina-cabreira-rocha-de-moraes","status":"publish","type":"post","link":"https:\/\/wp.ufpel.edu.br\/ppgl\/2022\/06\/21\/qualificacao-da-dissertacao-de-marina-cabreira-rocha-de-moraes\/","title":{"rendered":"Qualifica\u00e7\u00e3o da Disserta\u00e7\u00e3o de Marina Cabreira Rocha de Moraes"},"content":{"rendered":"<p>&nbsp;<\/p>\n<p><a href=\"https:\/\/wp.ufpel.edu.br\/ppgl\/files\/2022\/06\/O-Programa-de-Pos-Graduacao-em-Letras-convida-para-a-dissertacao-de-mestrado-de-Marina-Cabreira-Rocha-de-Moraes.png\"><img class=\"alignnone size-medium wp-image-5597\" src=\"https:\/\/wp.ufpel.edu.br\/ppgl\/files\/2022\/06\/O-Programa-de-Pos-Graduacao-em-Letras-convida-para-a-dissertacao-de-mestrado-de-Marina-Cabreira-Rocha-de-Moraes-424x239.png\" alt=\"\" width=\"424\" height=\"239\" srcset=\"https:\/\/wp.ufpel.edu.br\/ppgl\/files\/2022\/06\/O-Programa-de-Pos-Graduacao-em-Letras-convida-para-a-dissertacao-de-mestrado-de-Marina-Cabreira-Rocha-de-Moraes-424x239.png 424w, https:\/\/wp.ufpel.edu.br\/ppgl\/files\/2022\/06\/O-Programa-de-Pos-Graduacao-em-Letras-convida-para-a-dissertacao-de-mestrado-de-Marina-Cabreira-Rocha-de-Moraes-212x119.png 212w, https:\/\/wp.ufpel.edu.br\/ppgl\/files\/2022\/06\/O-Programa-de-Pos-Graduacao-em-Letras-convida-para-a-dissertacao-de-mestrado-de-Marina-Cabreira-Rocha-de-Moraes-768x432.png 768w, https:\/\/wp.ufpel.edu.br\/ppgl\/files\/2022\/06\/O-Programa-de-Pos-Graduacao-em-Letras-convida-para-a-dissertacao-de-mestrado-de-Marina-Cabreira-Rocha-de-Moraes-1536x864.png 1536w, https:\/\/wp.ufpel.edu.br\/ppgl\/files\/2022\/06\/O-Programa-de-Pos-Graduacao-em-Letras-convida-para-a-dissertacao-de-mestrado-de-Marina-Cabreira-Rocha-de-Moraes-750x422.png 750w, https:\/\/wp.ufpel.edu.br\/ppgl\/files\/2022\/06\/O-Programa-de-Pos-Graduacao-em-Letras-convida-para-a-dissertacao-de-mestrado-de-Marina-Cabreira-Rocha-de-Moraes.png 1920w\" sizes=\"(max-width: 424px) 100vw, 424px\" \/><\/a><\/p>\n<p>O Programa de Po\u0301s-Graduac\u0327a\u0303o em Letras da Universidade Federal de Pelotas convida para a disserta\u00e7\u00e3o da discente Marina Cabreira Rocha de Moraes.<\/p>\n<ul>\n<li>Data: 24\/06\/22<\/li>\n<li>Hor\u00e1rio: 14:30<\/li>\n<li>Local: https:\/\/webconf.ufpel.edu.br\/b\/car-s24-pvg-c2b<\/li>\n<\/ul>\n<p>&nbsp;<\/p>\n<p>T\u00edtulo: &#8221; Rela\u00e7\u00f5es entre fonologia e ortografia na distin\u00e7\u00e3o de sonoridade na escrita infantil nos primeiros anos de escolariza\u00e7\u00e3o&#8221;<\/p>\n<p>A Banca Examinadora ser\u00e1 composta pelos professores:<\/p>\n<ol>\n<li>\n<p style=\"font-weight: 400;\">Profa. Dra.\u00a0Carmen Matzenauer \u2013 UFPEL\u00a0 (Orientadora)<\/p>\n<\/li>\n<li>\n<p style=\"font-weight: 400;\">Profa. Dra.\u00a0Ana Ruth Moresco Miranda \u2013 UFPEL\u00a0\u00a0\u00a0 (Coorientadora)<\/p>\n<\/li>\n<li>\n<p style=\"font-weight: 400;\">Profa. Dra.\u00a0Cristiane Lazzarotto Volc\u00e3o \u2013 UFSC<\/p>\n<\/li>\n<li>\n<p style=\"font-weight: 400;\">Profa. Dra.\u00a0Ana Paula Nobre da Cunha &#8211; UFPEL<\/p>\n<\/li>\n<\/ol>\n","protected":false},"excerpt":{"rendered":"<p>&nbsp; O Programa de Po\u0301s-Graduac\u0327a\u0303o em Letras da Universidade Federal de Pelotas convida para a disserta\u00e7\u00e3o da discente Marina Cabreira Rocha de Moraes. Data: 24\/06\/22 Hor\u00e1rio: 14:30 Local: https:\/\/webconf.ufpel.edu.br\/b\/car-s24-pvg-c2b &nbsp; T\u00edtulo: &#8221; Rela\u00e7\u00f5es entre fonologia e ortografia na distin\u00e7\u00e3o de sonoridade na escrita infantil nos primeiros anos de escolariza\u00e7\u00e3o&#8221; A Banca Examinadora ser\u00e1 composta pelos [&hellip;]<\/p>\n","protected":false},"author":253,"featured_media":0,"comment_status":"closed","ping_status":"closed","sticky":false,"template":"","format":"standard","meta":{"jetpack_post_was_ever_published":false,"_jetpack_newsletter_access":"","_jetpack_dont_email_post_to_subs":false,"_jetpack_newsletter_tier_id":0,"_jetpack_memberships_contains_paywalled_content":false,"_jetpack_memberships_contains_paid_content":false,"footnotes":"","jetpack_publicize_message":"","jetpack_publicize_feature_enabled":true,"jetpack_social_post_already_shared":true,"jetpack_social_options":{"image_generator_settings":{"template":"highway","default_image_id":0,"font":"","enabled":false},"version":2}},"categories":[18],"tags":[],"class_list":["post-5595","post","type-post","status-publish","format-standard","hentry","category-sem-categoria"],"jetpack_publicize_connections":[],"jetpack_featured_media_url":"","jetpack_sharing_enabled":true,"jetpack_shortlink":"https:\/\/wp.me\/p8vD3Q-1sf","_links":{"self":[{"href":"https:\/\/wp.ufpel.edu.br\/ppgl\/wp-json\/wp\/v2\/posts\/5595","targetHints":{"allow":["GET"]}}],"collection":[{"href":"https:\/\/wp.ufpel.edu.br\/ppgl\/wp-json\/wp\/v2\/posts"}],"about":[{"href":"https:\/\/wp.ufpel.edu.br\/ppgl\/wp-json\/wp\/v2\/types\/post"}],"author":[{"embeddable":true,"href":"https:\/\/wp.ufpel.edu.br\/ppgl\/wp-json\/wp\/v2\/users\/253"}],"replies":[{"embeddable":true,"href":"https:\/\/wp.ufpel.edu.br\/ppgl\/wp-json\/wp\/v2\/comments?post=5595"}],"version-history":[{"count":1,"href":"https:\/\/wp.ufpel.edu.br\/ppgl\/wp-json\/wp\/v2\/posts\/5595\/revisions"}],"predecessor-version":[{"id":5598,"href":"https:\/\/wp.ufpel.edu.br\/ppgl\/wp-json\/wp\/v2\/posts\/5595\/revisions\/5598"}],"wp:attachment":[{"href":"https:\/\/wp.ufpel.edu.br\/ppgl\/wp-json\/wp\/v2\/media?parent=5595"}],"wp:term":[{"taxonomy":"category","embeddable":true,"href":"https:\/\/wp.ufpel.edu.br\/ppgl\/wp-json\/wp\/v2\/categories?post=5595"},{"taxonomy":"post_tag","embeddable":true,"href":"https:\/\/wp.ufpel.edu.br\/ppgl\/wp-json\/wp\/v2\/tags?post=5595"}],"curies":[{"name":"wp","href":"https:\/\/api.w.org\/{rel}","templated":true}]}}