{"id":5306,"date":"2021-11-23T21:43:39","date_gmt":"2021-11-24T00:43:39","guid":{"rendered":"https:\/\/wp.ufpel.edu.br\/ppgl\/?p=5306"},"modified":"2021-11-23T21:43:39","modified_gmt":"2021-11-24T00:43:39","slug":"publicado-novo-edital-para-coordenacao-do-ppg-letras","status":"publish","type":"post","link":"https:\/\/wp.ufpel.edu.br\/ppgl\/2021\/11\/23\/publicado-novo-edital-para-coordenacao-do-ppg-letras\/","title":{"rendered":"Publicado novo edital para coordena\u00e7\u00e3o do PPG Letras"},"content":{"rendered":"<p>Foi aprovado, o Edital 02\/2021 da Comiss\u00e3o Organizadora das Elei\u00e7\u00f5es do PPGL, que versa sobre a escolha da nova coordenadora ou do novo coordenador do PPG Letras UFPel. A inscri\u00e7\u00e3o de candidaturas ser\u00e1 aberta de 25 a 30 de novembro.<\/p>\n<p><a style=\"background-color: #ffffff\" href=\"https:\/\/wp.ufpel.edu.br\/ppgl\/files\/2021\/11\/Edital-PPG-Letras_final.pdf\">Edital PPG Letras_final<\/a><\/p>\n","protected":false},"excerpt":{"rendered":"<p>Foi aprovado, o Edital 02\/2021 da Comiss\u00e3o Organizadora das Elei\u00e7\u00f5es do PPGL, que versa sobre a escolha da nova coordenadora ou do novo coordenador do PPG Letras UFPel. A inscri\u00e7\u00e3o de candidaturas ser\u00e1 aberta de 25 a 30 de novembro. Edital PPG Letras_final<\/p>\n","protected":false},"author":253,"featured_media":0,"comment_status":"closed","ping_status":"closed","sticky":false,"template":"","format":"standard","meta":{"jetpack_post_was_ever_published":false,"_jetpack_newsletter_access":"","_jetpack_dont_email_post_to_subs":false,"_jetpack_newsletter_tier_id":0,"_jetpack_memberships_contains_paywalled_content":false,"_jetpack_memberships_contains_paid_content":false,"footnotes":"","jetpack_publicize_message":"","jetpack_publicize_feature_enabled":true,"jetpack_social_post_already_shared":true,"jetpack_social_options":{"image_generator_settings":{"template":"highway","default_image_id":0,"font":"","enabled":false},"version":2}},"categories":[18],"tags":[],"class_list":["post-5306","post","type-post","status-publish","format-standard","hentry","category-sem-categoria"],"jetpack_publicize_connections":[],"jetpack_featured_media_url":"","jetpack_sharing_enabled":true,"jetpack_shortlink":"https:\/\/wp.me\/p8vD3Q-1nA","_links":{"self":[{"href":"https:\/\/wp.ufpel.edu.br\/ppgl\/wp-json\/wp\/v2\/posts\/5306","targetHints":{"allow":["GET"]}}],"collection":[{"href":"https:\/\/wp.ufpel.edu.br\/ppgl\/wp-json\/wp\/v2\/posts"}],"about":[{"href":"https:\/\/wp.ufpel.edu.br\/ppgl\/wp-json\/wp\/v2\/types\/post"}],"author":[{"embeddable":true,"href":"https:\/\/wp.ufpel.edu.br\/ppgl\/wp-json\/wp\/v2\/users\/253"}],"replies":[{"embeddable":true,"href":"https:\/\/wp.ufpel.edu.br\/ppgl\/wp-json\/wp\/v2\/comments?post=5306"}],"version-history":[{"count":2,"href":"https:\/\/wp.ufpel.edu.br\/ppgl\/wp-json\/wp\/v2\/posts\/5306\/revisions"}],"predecessor-version":[{"id":5310,"href":"https:\/\/wp.ufpel.edu.br\/ppgl\/wp-json\/wp\/v2\/posts\/5306\/revisions\/5310"}],"wp:attachment":[{"href":"https:\/\/wp.ufpel.edu.br\/ppgl\/wp-json\/wp\/v2\/media?parent=5306"}],"wp:term":[{"taxonomy":"category","embeddable":true,"href":"https:\/\/wp.ufpel.edu.br\/ppgl\/wp-json\/wp\/v2\/categories?post=5306"},{"taxonomy":"post_tag","embeddable":true,"href":"https:\/\/wp.ufpel.edu.br\/ppgl\/wp-json\/wp\/v2\/tags?post=5306"}],"curies":[{"name":"wp","href":"https:\/\/api.w.org\/{rel}","templated":true}]}}