{"id":5191,"date":"2021-08-21T11:57:57","date_gmt":"2021-08-21T14:57:57","guid":{"rendered":"https:\/\/wp.ufpel.edu.br\/ppgl\/?p=5191"},"modified":"2021-08-21T11:57:57","modified_gmt":"2021-08-21T14:57:57","slug":"nota-da-coordenacao-do-programa-de-pos-graduacao-em-letras-alteracao-do-calendario-letivo-e-matriculas","status":"publish","type":"post","link":"https:\/\/wp.ufpel.edu.br\/ppgl\/2021\/08\/21\/nota-da-coordenacao-do-programa-de-pos-graduacao-em-letras-alteracao-do-calendario-letivo-e-matriculas\/","title":{"rendered":"NOTA DA COORDENA\u00c7\u00c3O DO PROGRAMA DE P\u00d3S-GRADUA\u00c7\u00c3O EM LETRAS &#8211; Altera\u00e7\u00e3o do Calend\u00e1rio Letivo e Matr\u00edculas"},"content":{"rendered":"<div>A Coordena\u00e7\u00e3o do Programa de P\u00f3s-Gradua\u00e7\u00e3o em Letras informa que\u00a0 transferiu o in\u00edcio do Semestre Letivo 2\/2021 para o dia 30 de agosto.\u00a0\u00a0A Coordena\u00e7\u00e3o informa, ainda, que a matr\u00edcula dos candidatos aprovados\/classificados no Processo Seletivo correspondente aos Editais 96\/2021 (Mestrado) e 97\/2021 (Doutorado) acontecer\u00e1 nos dias 26 e 27 de agosto de 2021.<\/div>\n<div><\/div>\n<div>Alfeu Sparemberger<\/div>\n<div>Coord.\u00a0<i>pro tempore<\/i><\/div>\n<div>PPG em Letras<\/div>\n","protected":false},"excerpt":{"rendered":"<p>A Coordena\u00e7\u00e3o do Programa de P\u00f3s-Gradua\u00e7\u00e3o em Letras informa que\u00a0 transferiu o in\u00edcio do Semestre Letivo 2\/2021 para o dia 30 de agosto.\u00a0\u00a0A Coordena\u00e7\u00e3o informa, ainda, que a matr\u00edcula dos candidatos aprovados\/classificados no Processo Seletivo correspondente aos Editais 96\/2021 (Mestrado) e 97\/2021 (Doutorado) acontecer\u00e1 nos dias 26 e 27 de agosto de 2021. Alfeu Sparemberger [&hellip;]<\/p>\n","protected":false},"author":253,"featured_media":0,"comment_status":"closed","ping_status":"closed","sticky":false,"template":"","format":"standard","meta":{"jetpack_post_was_ever_published":false,"_jetpack_newsletter_access":"","_jetpack_dont_email_post_to_subs":false,"_jetpack_newsletter_tier_id":0,"_jetpack_memberships_contains_paywalled_content":false,"_jetpack_memberships_contains_paid_content":false,"footnotes":"","jetpack_publicize_message":"","jetpack_publicize_feature_enabled":true,"jetpack_social_post_already_shared":true,"jetpack_social_options":{"image_generator_settings":{"template":"highway","default_image_id":0,"font":"","enabled":false},"version":2}},"categories":[18],"tags":[],"class_list":["post-5191","post","type-post","status-publish","format-standard","hentry","category-sem-categoria"],"jetpack_publicize_connections":[],"jetpack_featured_media_url":"","jetpack_sharing_enabled":true,"jetpack_shortlink":"https:\/\/wp.me\/p8vD3Q-1lJ","_links":{"self":[{"href":"https:\/\/wp.ufpel.edu.br\/ppgl\/wp-json\/wp\/v2\/posts\/5191","targetHints":{"allow":["GET"]}}],"collection":[{"href":"https:\/\/wp.ufpel.edu.br\/ppgl\/wp-json\/wp\/v2\/posts"}],"about":[{"href":"https:\/\/wp.ufpel.edu.br\/ppgl\/wp-json\/wp\/v2\/types\/post"}],"author":[{"embeddable":true,"href":"https:\/\/wp.ufpel.edu.br\/ppgl\/wp-json\/wp\/v2\/users\/253"}],"replies":[{"embeddable":true,"href":"https:\/\/wp.ufpel.edu.br\/ppgl\/wp-json\/wp\/v2\/comments?post=5191"}],"version-history":[{"count":1,"href":"https:\/\/wp.ufpel.edu.br\/ppgl\/wp-json\/wp\/v2\/posts\/5191\/revisions"}],"predecessor-version":[{"id":5193,"href":"https:\/\/wp.ufpel.edu.br\/ppgl\/wp-json\/wp\/v2\/posts\/5191\/revisions\/5193"}],"wp:attachment":[{"href":"https:\/\/wp.ufpel.edu.br\/ppgl\/wp-json\/wp\/v2\/media?parent=5191"}],"wp:term":[{"taxonomy":"category","embeddable":true,"href":"https:\/\/wp.ufpel.edu.br\/ppgl\/wp-json\/wp\/v2\/categories?post=5191"},{"taxonomy":"post_tag","embeddable":true,"href":"https:\/\/wp.ufpel.edu.br\/ppgl\/wp-json\/wp\/v2\/tags?post=5191"}],"curies":[{"name":"wp","href":"https:\/\/api.w.org\/{rel}","templated":true}]}}