{"id":5006,"date":"2021-03-26T09:39:13","date_gmt":"2021-03-26T12:39:13","guid":{"rendered":"https:\/\/wp.ufpel.edu.br\/ppgl\/?p=5006"},"modified":"2021-03-26T09:39:13","modified_gmt":"2021-03-26T12:39:13","slug":"novo-edital-aluno-especial-2021-1","status":"publish","type":"post","link":"https:\/\/wp.ufpel.edu.br\/ppgl\/2021\/03\/26\/novo-edital-aluno-especial-2021-1\/","title":{"rendered":"NOVO EDITAL ALUNO ESPECIAL 2021\/1"},"content":{"rendered":"<p>Programa de P\u00f3s-Gradua\u00e7\u00e3o em Letras da Universidade Federal de Pelotas lan\u00e7a novo edital com vagas para aluno especial em 2021\/1.<\/p>\n<p>As inscri\u00e7\u00f5es podem ser realizadas de 29 de mar\u00e7o a 5 de abril de 2021<strong>,\u00a0<\/strong>atrav\u00e9s do email ppgl.ufpel@gmail.com.<\/p>\n<p><a href=\"https:\/\/wp.ufpel.edu.br\/ppgl\/files\/2021\/03\/SEI_UFPel-1245671-Edital-de-selecao-PRPPGI.pdf\">Edital de sele\u00e7\u00e3o aluno especial 2021\/1<\/a><\/p>\n<p><a href=\"https:\/\/wp.ufpel.edu.br\/ppgl\/files\/2021\/02\/Requerimento-de-Inscricao-Regime-Especial-2020-1.doc\">Requerimento de Inscri\u00e7\u00e3o &#8211; Regime Especial 2021\/1<\/a><\/p>\n<p><a href=\"https:\/\/wp.ufpel.edu.br\/ppgl\/files\/2021\/02\/Ficha-de-matricula-Aluno-Especial-20201.doc\">Ficha de matr\u00edcula &#8211; Aluno Especial 2021\/1<\/a><\/p>\n<p><a href=\"https:\/\/wp.ufpel.edu.br\/ppgl\/files\/2021\/02\/ANEXO-1.docx\">ANEXO-1<\/a><\/p>\n","protected":false},"excerpt":{"rendered":"<p>Programa de P\u00f3s-Gradua\u00e7\u00e3o em Letras da Universidade Federal de Pelotas lan\u00e7a novo edital com vagas para aluno especial em 2021\/1. As inscri\u00e7\u00f5es podem ser realizadas de 29 de mar\u00e7o a 5 de abril de 2021,\u00a0atrav\u00e9s do email ppgl.ufpel@gmail.com. Edital de sele\u00e7\u00e3o aluno especial 2021\/1 Requerimento de Inscri\u00e7\u00e3o &#8211; Regime Especial 2021\/1 Ficha de matr\u00edcula &#8211; [&hellip;]<\/p>\n","protected":false},"author":253,"featured_media":0,"comment_status":"closed","ping_status":"closed","sticky":false,"template":"","format":"standard","meta":{"jetpack_post_was_ever_published":false,"_jetpack_newsletter_access":"","_jetpack_dont_email_post_to_subs":false,"_jetpack_newsletter_tier_id":0,"_jetpack_memberships_contains_paywalled_content":false,"_jetpack_memberships_contains_paid_content":false,"footnotes":"","jetpack_publicize_message":"","jetpack_publicize_feature_enabled":true,"jetpack_social_post_already_shared":true,"jetpack_social_options":{"image_generator_settings":{"template":"highway","default_image_id":0,"font":"","enabled":false},"version":2}},"categories":[18],"tags":[],"class_list":["post-5006","post","type-post","status-publish","format-standard","hentry","category-sem-categoria"],"jetpack_publicize_connections":[],"jetpack_featured_media_url":"","jetpack_sharing_enabled":true,"jetpack_shortlink":"https:\/\/wp.me\/p8vD3Q-1iK","_links":{"self":[{"href":"https:\/\/wp.ufpel.edu.br\/ppgl\/wp-json\/wp\/v2\/posts\/5006","targetHints":{"allow":["GET"]}}],"collection":[{"href":"https:\/\/wp.ufpel.edu.br\/ppgl\/wp-json\/wp\/v2\/posts"}],"about":[{"href":"https:\/\/wp.ufpel.edu.br\/ppgl\/wp-json\/wp\/v2\/types\/post"}],"author":[{"embeddable":true,"href":"https:\/\/wp.ufpel.edu.br\/ppgl\/wp-json\/wp\/v2\/users\/253"}],"replies":[{"embeddable":true,"href":"https:\/\/wp.ufpel.edu.br\/ppgl\/wp-json\/wp\/v2\/comments?post=5006"}],"version-history":[{"count":1,"href":"https:\/\/wp.ufpel.edu.br\/ppgl\/wp-json\/wp\/v2\/posts\/5006\/revisions"}],"predecessor-version":[{"id":5009,"href":"https:\/\/wp.ufpel.edu.br\/ppgl\/wp-json\/wp\/v2\/posts\/5006\/revisions\/5009"}],"wp:attachment":[{"href":"https:\/\/wp.ufpel.edu.br\/ppgl\/wp-json\/wp\/v2\/media?parent=5006"}],"wp:term":[{"taxonomy":"category","embeddable":true,"href":"https:\/\/wp.ufpel.edu.br\/ppgl\/wp-json\/wp\/v2\/categories?post=5006"},{"taxonomy":"post_tag","embeddable":true,"href":"https:\/\/wp.ufpel.edu.br\/ppgl\/wp-json\/wp\/v2\/tags?post=5006"}],"curies":[{"name":"wp","href":"https:\/\/api.w.org\/{rel}","templated":true}]}}