{"id":4988,"date":"2021-03-19T23:15:04","date_gmt":"2021-03-20T02:15:04","guid":{"rendered":"https:\/\/wp.ufpel.edu.br\/ppgl\/?p=4988"},"modified":"2021-03-19T23:15:04","modified_gmt":"2021-03-20T02:15:04","slug":"aluno-do-ppgl-apresenta-pesquisa-em-evento-da-universidade-de-reading-inglaterra","status":"publish","type":"post","link":"https:\/\/wp.ufpel.edu.br\/ppgl\/2021\/03\/19\/aluno-do-ppgl-apresenta-pesquisa-em-evento-da-universidade-de-reading-inglaterra\/","title":{"rendered":"Aluno do PPGL apresenta pesquisa em evento da Universidade de Reading &#8211; Inglaterra"},"content":{"rendered":"<p style=\"font-weight: 400;text-align: justify\">O doutorando Renan Ferreira, orientado pela Prof.\u00aa Dr.\u00aa Isabella Mozzillo, apresentar\u00e1 sua pesquisa no workshop online\u00a0<em style=\"font-weight: inherit\">\u201cMotion2021: Can motion event construal be taught or restructured? Evidence from bilinguals and L2 learners\u201d<\/em>, organizado pelo\u00a0<em style=\"font-weight: inherit\"><a href=\"https:\/\/research.reading.ac.uk\/celm\/\" data-saferedirecturl=\"https:\/\/www.google.com\/url?q=https:\/\/research.reading.ac.uk\/celm\/&amp;source=gmail&amp;ust=1616267497734000&amp;usg=AFQjCNG5L3AeKYBMgcVRph47Fn_1B7Bjwg\">Centre for Literacy and Multilingualism<\/a><\/em>\u00a0da Universidade de Reading, na Inglaterra. O evento acontecer\u00e1 nos dias 16 e 17 de abril, e contar\u00e1 com apenas vinte trabalhos, entre apresenta\u00e7\u00f5es orais e p\u00f4steres.<\/p>\n<p style=\"font-weight: 400;text-align: justify\">O workshop tem como objetivo reunir pesquisadores da Cogni\u00e7\u00e3o Bil\u00edngue que estudem como o dom\u00ednio conceitual \u201cmovimento\u201d \u00e9 expresso em diferentes l\u00ednguas e como aprendizes de L2\/LE lidam com as diferen\u00e7as conceituais entre as suas l\u00ednguas.<\/p>\n<p style=\"font-weight: 400;text-align: justify\">Um dos palestrantes convidados \u00e9 o Prof. Panos Athanasopoulos (Universidade de Lancaster), um dos principais pesquisadores sobre Relativismo Lingu\u00edstico (ou como as l\u00ednguas que falamos influenciam a nossa forma de pensar).<\/p>\n<p style=\"font-weight: 400;text-align: justify\">A pesquisa do aluno Renan \u00e9 exatamente sobre a lexicaliza\u00e7\u00e3o de movimento de falantes nativos de portugu\u00eas que falam ingl\u00eas como LE.<\/p>\n<p style=\"font-weight: 400;text-align: justify\">O evento \u00e9 gratuito, e abaixo est\u00e3o os links para a programa\u00e7\u00e3o, os resumos dos trabalhos e a inscri\u00e7\u00e3o de participantes ouvintes.<\/p>\n<p style=\"font-weight: 400;text-align: justify\"><strong>Programa\u00e7\u00e3o:<\/strong>\u00a0<a href=\"https:\/\/drive.google.com\/file\/d\/15xLolkeulQzkQBkmFqQz7yQsAec6Ixkx\/view?usp=sharing\" data-saferedirecturl=\"https:\/\/www.google.com\/url?q=https:\/\/drive.google.com\/file\/d\/15xLolkeulQzkQBkmFqQz7yQsAec6Ixkx\/view?usp%3Dsharing&amp;source=gmail&amp;ust=1616267497734000&amp;usg=AFQjCNGfdGD_5xESvuhZ1gsWubNtuWJFxw\">https:\/\/drive.google.com\/file\/d\/15xLolkeulQzkQBkmFqQz7yQsAec6Ixkx\/view?usp=sharing<\/a><\/p>\n<p style=\"font-weight: 400;text-align: justify\"><strong>Resumos dos trabalhos:<\/strong>\u00a0<a href=\"https:\/\/drive.google.com\/file\/d\/1fQToJfXfItaGFoD2-JYuZwBYV1ZTrtw9\/view?usp=sharing\" data-saferedirecturl=\"https:\/\/www.google.com\/url?q=https:\/\/drive.google.com\/file\/d\/1fQToJfXfItaGFoD2-JYuZwBYV1ZTrtw9\/view?usp%3Dsharing&amp;source=gmail&amp;ust=1616267497734000&amp;usg=AFQjCNG-nRPusFovatQtnYQ2cw9oVb2VNA\">https:\/\/drive.google.com\/file\/d\/1fQToJfXfItaGFoD2-JYuZwBYV1ZTrtw9\/view?usp=sharing<\/a><\/p>\n<p style=\"font-weight: 400;text-align: justify\"><strong>Link para inscri\u00e7\u00e3o de ouvintes:<\/strong>\u00a0<a href=\"https:\/\/forms.office.com\/Pages\/ResponsePage.aspx?id=xDv6T_zswEiQgPXkP_kOXyzOGBPW8_xMuyK_SPqB4mpUOFdVQURZTU9WNEdWQUszWUdYSVBBQ1M0Qy4u\" data-saferedirecturl=\"https:\/\/www.google.com\/url?q=https:\/\/forms.office.com\/Pages\/ResponsePage.aspx?id%3DxDv6T_zswEiQgPXkP_kOXyzOGBPW8_xMuyK_SPqB4mpUOFdVQURZTU9WNEdWQUszWUdYSVBBQ1M0Qy4u&amp;source=gmail&amp;ust=1616267497734000&amp;usg=AFQjCNFLbKGO-OwfwIADpFO-j_SPecbLKw\">https:\/\/forms.office.com\/Pages\/ResponsePage.aspx?id=xDv6T_zswEiQgPXkP_kOXyzOGBPW8_xMuyK_SPqB4mpUOFdVQURZTU9WNEdWQUszWUdYSVBBQ1M0Qy4u<\/a><\/p>\n","protected":false},"excerpt":{"rendered":"<p>O doutorando Renan Ferreira, orientado pela Prof.\u00aa Dr.\u00aa Isabella Mozzillo, apresentar\u00e1 sua pesquisa no workshop online\u00a0\u201cMotion2021: Can motion event construal be taught or restructured? Evidence from bilinguals and L2 learners\u201d, organizado pelo\u00a0Centre for Literacy and Multilingualism\u00a0da Universidade de Reading, na Inglaterra. O evento acontecer\u00e1 nos dias 16 e 17 de abril, e contar\u00e1 com apenas [&hellip;]<\/p>\n","protected":false},"author":253,"featured_media":0,"comment_status":"closed","ping_status":"closed","sticky":false,"template":"","format":"standard","meta":{"jetpack_post_was_ever_published":false,"_jetpack_newsletter_access":"","_jetpack_dont_email_post_to_subs":false,"_jetpack_newsletter_tier_id":0,"_jetpack_memberships_contains_paywalled_content":false,"_jetpack_memberships_contains_paid_content":false,"footnotes":"","jetpack_publicize_message":"","jetpack_publicize_feature_enabled":true,"jetpack_social_post_already_shared":true,"jetpack_social_options":{"image_generator_settings":{"template":"highway","default_image_id":0,"font":"","enabled":false},"version":2}},"categories":[18],"tags":[],"class_list":["post-4988","post","type-post","status-publish","format-standard","hentry","category-sem-categoria"],"jetpack_publicize_connections":[],"jetpack_featured_media_url":"","jetpack_sharing_enabled":true,"jetpack_shortlink":"https:\/\/wp.me\/p8vD3Q-1is","_links":{"self":[{"href":"https:\/\/wp.ufpel.edu.br\/ppgl\/wp-json\/wp\/v2\/posts\/4988","targetHints":{"allow":["GET"]}}],"collection":[{"href":"https:\/\/wp.ufpel.edu.br\/ppgl\/wp-json\/wp\/v2\/posts"}],"about":[{"href":"https:\/\/wp.ufpel.edu.br\/ppgl\/wp-json\/wp\/v2\/types\/post"}],"author":[{"embeddable":true,"href":"https:\/\/wp.ufpel.edu.br\/ppgl\/wp-json\/wp\/v2\/users\/253"}],"replies":[{"embeddable":true,"href":"https:\/\/wp.ufpel.edu.br\/ppgl\/wp-json\/wp\/v2\/comments?post=4988"}],"version-history":[{"count":1,"href":"https:\/\/wp.ufpel.edu.br\/ppgl\/wp-json\/wp\/v2\/posts\/4988\/revisions"}],"predecessor-version":[{"id":4990,"href":"https:\/\/wp.ufpel.edu.br\/ppgl\/wp-json\/wp\/v2\/posts\/4988\/revisions\/4990"}],"wp:attachment":[{"href":"https:\/\/wp.ufpel.edu.br\/ppgl\/wp-json\/wp\/v2\/media?parent=4988"}],"wp:term":[{"taxonomy":"category","embeddable":true,"href":"https:\/\/wp.ufpel.edu.br\/ppgl\/wp-json\/wp\/v2\/categories?post=4988"},{"taxonomy":"post_tag","embeddable":true,"href":"https:\/\/wp.ufpel.edu.br\/ppgl\/wp-json\/wp\/v2\/tags?post=4988"}],"curies":[{"name":"wp","href":"https:\/\/api.w.org\/{rel}","templated":true}]}}