{"id":4964,"date":"2021-03-15T21:24:00","date_gmt":"2021-03-16T00:24:00","guid":{"rendered":"https:\/\/wp.ufpel.edu.br\/ppgl\/?p=4964"},"modified":"2021-03-16T14:08:33","modified_gmt":"2021-03-16T17:08:33","slug":"resultado-processo-seletivo-para-aluno-especial-2021-1","status":"publish","type":"post","link":"https:\/\/wp.ufpel.edu.br\/ppgl\/2021\/03\/15\/resultado-processo-seletivo-para-aluno-especial-2021-1\/","title":{"rendered":"RESULTADO PROCESSO SELETIVO PARA ALUNO ESPECIAL 2021\/1"},"content":{"rendered":"<p>O Programa de P\u00f3s-Gradua\u00e7\u00e3o em Letras divulga, na lista abaixo, o resultado do processo seletivo para aluno especial 2021\/1.\u00a0 As matr\u00edculas devem ser realizadas entre os dias 17\/03 e 19\/03, com envio da ficha de matr\u00edcula (link abaixo) para o e-mail ppgl.ufpel@gmail.com, com o assunto &#8220;MATR\u00cdCULA ESPECIAL 2021\/1&#8221;.<\/p>\n<p><a href=\"https:\/\/wp.ufpel.edu.br\/ppgl\/files\/2021\/03\/Resultado-Aluno-Especial-2021.1-1.pdf\">Resultado Aluno Especial 2021.1<\/a><\/p>\n<p><a href=\"https:\/\/wp.ufpel.edu.br\/ppgl\/files\/2021\/03\/Ficha-de-matricula-Aluno-Especial-20201.doc\">Ficha-de-matricula-Aluno-Especial-20201<\/a><\/p>\n","protected":false},"excerpt":{"rendered":"<p>O Programa de P\u00f3s-Gradua\u00e7\u00e3o em Letras divulga, na lista abaixo, o resultado do processo seletivo para aluno especial 2021\/1.\u00a0 As matr\u00edculas devem ser realizadas entre os dias 17\/03 e 19\/03, com envio da ficha de matr\u00edcula (link abaixo) para o e-mail ppgl.ufpel@gmail.com, com o assunto &#8220;MATR\u00cdCULA ESPECIAL 2021\/1&#8221;. Resultado Aluno Especial 2021.1 Ficha-de-matricula-Aluno-Especial-20201<\/p>\n","protected":false},"author":253,"featured_media":0,"comment_status":"closed","ping_status":"closed","sticky":false,"template":"","format":"standard","meta":{"jetpack_post_was_ever_published":false,"_jetpack_newsletter_access":"","_jetpack_dont_email_post_to_subs":false,"_jetpack_newsletter_tier_id":0,"_jetpack_memberships_contains_paywalled_content":false,"_jetpack_memberships_contains_paid_content":false,"footnotes":"","jetpack_publicize_message":"","jetpack_publicize_feature_enabled":true,"jetpack_social_post_already_shared":true,"jetpack_social_options":{"image_generator_settings":{"template":"highway","default_image_id":0,"font":"","enabled":false},"version":2}},"categories":[18],"tags":[],"class_list":["post-4964","post","type-post","status-publish","format-standard","hentry","category-sem-categoria"],"jetpack_publicize_connections":[],"jetpack_featured_media_url":"","jetpack_sharing_enabled":true,"jetpack_shortlink":"https:\/\/wp.me\/p8vD3Q-1i4","_links":{"self":[{"href":"https:\/\/wp.ufpel.edu.br\/ppgl\/wp-json\/wp\/v2\/posts\/4964","targetHints":{"allow":["GET"]}}],"collection":[{"href":"https:\/\/wp.ufpel.edu.br\/ppgl\/wp-json\/wp\/v2\/posts"}],"about":[{"href":"https:\/\/wp.ufpel.edu.br\/ppgl\/wp-json\/wp\/v2\/types\/post"}],"author":[{"embeddable":true,"href":"https:\/\/wp.ufpel.edu.br\/ppgl\/wp-json\/wp\/v2\/users\/253"}],"replies":[{"embeddable":true,"href":"https:\/\/wp.ufpel.edu.br\/ppgl\/wp-json\/wp\/v2\/comments?post=4964"}],"version-history":[{"count":4,"href":"https:\/\/wp.ufpel.edu.br\/ppgl\/wp-json\/wp\/v2\/posts\/4964\/revisions"}],"predecessor-version":[{"id":4972,"href":"https:\/\/wp.ufpel.edu.br\/ppgl\/wp-json\/wp\/v2\/posts\/4964\/revisions\/4972"}],"wp:attachment":[{"href":"https:\/\/wp.ufpel.edu.br\/ppgl\/wp-json\/wp\/v2\/media?parent=4964"}],"wp:term":[{"taxonomy":"category","embeddable":true,"href":"https:\/\/wp.ufpel.edu.br\/ppgl\/wp-json\/wp\/v2\/categories?post=4964"},{"taxonomy":"post_tag","embeddable":true,"href":"https:\/\/wp.ufpel.edu.br\/ppgl\/wp-json\/wp\/v2\/tags?post=4964"}],"curies":[{"name":"wp","href":"https:\/\/api.w.org\/{rel}","templated":true}]}}