{"id":4957,"date":"2021-03-12T14:27:15","date_gmt":"2021-03-12T17:27:15","guid":{"rendered":"https:\/\/wp.ufpel.edu.br\/ppgl\/?p=4957"},"modified":"2021-03-12T14:33:34","modified_gmt":"2021-03-12T17:33:34","slug":"ppgl-abre-selecao-para-bolsa-de-desenvolvimento-da-unidade-bdu-2","status":"publish","type":"post","link":"https:\/\/wp.ufpel.edu.br\/ppgl\/2021\/03\/12\/ppgl-abre-selecao-para-bolsa-de-desenvolvimento-da-unidade-bdu-2\/","title":{"rendered":"PPGL abre sele\u00e7\u00e3o para Bolsa de Desenvolvimento da Unidade (BDU)"},"content":{"rendered":"<p>De 15 a 19 de mar\u00e7o, estar\u00e3o abertas as inscri\u00e7\u00f5es para a sele\u00e7\u00e3o de<br \/>\num bolsista na modalidade BDU-UFPel, o qual atuar\u00e1 como auxiliar em<br \/>\nsecretaria no Programa de P\u00f3s-Gradua\u00e7\u00e3o em Letras. A disponibiliza\u00e7\u00e3o<br \/>\nda bolsa conta com o apoio da Dire\u00e7\u00e3o do Centro de Letras e<br \/>\nComunica\u00e7\u00e3o.<\/p>\n<p>Acesse aqui o edital e a ficha de inscri\u00e7\u00e3o.<\/p>\n<p>&nbsp;<\/p>\n<p><a href=\"https:\/\/wp.ufpel.edu.br\/ppgl\/files\/2021\/03\/Edital-01-2021-Bolsa-BDU-CLC.pdf\">Edital 01-2021 Bolsa BDU-CLC<\/a><\/p>\n<p><a href=\"https:\/\/wp.ufpel.edu.br\/ppgl\/files\/2021\/03\/ANEXO-01-\u2013-FICHA-DE-INSCRICAO-1.docx\">ANEXO 01 \u2013 FICHA DE INSCRI\u00c7\u00c3O (1)<\/a><\/p>\n","protected":false},"excerpt":{"rendered":"<p>De 15 a 19 de mar\u00e7o, estar\u00e3o abertas as inscri\u00e7\u00f5es para a sele\u00e7\u00e3o de um bolsista na modalidade BDU-UFPel, o qual atuar\u00e1 como auxiliar em secretaria no Programa de P\u00f3s-Gradua\u00e7\u00e3o em Letras. A disponibiliza\u00e7\u00e3o da bolsa conta com o apoio da Dire\u00e7\u00e3o do Centro de Letras e Comunica\u00e7\u00e3o. Acesse aqui o edital e a ficha [&hellip;]<\/p>\n","protected":false},"author":253,"featured_media":0,"comment_status":"closed","ping_status":"closed","sticky":false,"template":"","format":"standard","meta":{"jetpack_post_was_ever_published":false,"_jetpack_newsletter_access":"","_jetpack_dont_email_post_to_subs":false,"_jetpack_newsletter_tier_id":0,"_jetpack_memberships_contains_paywalled_content":false,"_jetpack_memberships_contains_paid_content":false,"footnotes":"","jetpack_publicize_message":"","jetpack_publicize_feature_enabled":true,"jetpack_social_post_already_shared":true,"jetpack_social_options":{"image_generator_settings":{"template":"highway","default_image_id":0,"font":"","enabled":false},"version":2}},"categories":[18],"tags":[],"class_list":["post-4957","post","type-post","status-publish","format-standard","hentry","category-sem-categoria"],"jetpack_publicize_connections":[],"jetpack_featured_media_url":"","jetpack_sharing_enabled":true,"jetpack_shortlink":"https:\/\/wp.me\/p8vD3Q-1hX","_links":{"self":[{"href":"https:\/\/wp.ufpel.edu.br\/ppgl\/wp-json\/wp\/v2\/posts\/4957","targetHints":{"allow":["GET"]}}],"collection":[{"href":"https:\/\/wp.ufpel.edu.br\/ppgl\/wp-json\/wp\/v2\/posts"}],"about":[{"href":"https:\/\/wp.ufpel.edu.br\/ppgl\/wp-json\/wp\/v2\/types\/post"}],"author":[{"embeddable":true,"href":"https:\/\/wp.ufpel.edu.br\/ppgl\/wp-json\/wp\/v2\/users\/253"}],"replies":[{"embeddable":true,"href":"https:\/\/wp.ufpel.edu.br\/ppgl\/wp-json\/wp\/v2\/comments?post=4957"}],"version-history":[{"count":2,"href":"https:\/\/wp.ufpel.edu.br\/ppgl\/wp-json\/wp\/v2\/posts\/4957\/revisions"}],"predecessor-version":[{"id":4963,"href":"https:\/\/wp.ufpel.edu.br\/ppgl\/wp-json\/wp\/v2\/posts\/4957\/revisions\/4963"}],"wp:attachment":[{"href":"https:\/\/wp.ufpel.edu.br\/ppgl\/wp-json\/wp\/v2\/media?parent=4957"}],"wp:term":[{"taxonomy":"category","embeddable":true,"href":"https:\/\/wp.ufpel.edu.br\/ppgl\/wp-json\/wp\/v2\/categories?post=4957"},{"taxonomy":"post_tag","embeddable":true,"href":"https:\/\/wp.ufpel.edu.br\/ppgl\/wp-json\/wp\/v2\/tags?post=4957"}],"curies":[{"name":"wp","href":"https:\/\/api.w.org\/{rel}","templated":true}]}}