{"id":4916,"date":"2021-02-23T09:12:50","date_gmt":"2021-02-23T12:12:50","guid":{"rendered":"https:\/\/wp.ufpel.edu.br\/ppgl\/?p=4916"},"modified":"2021-03-01T14:59:26","modified_gmt":"2021-03-01T17:59:26","slug":"edital-aluno-especial-2021-1","status":"publish","type":"post","link":"https:\/\/wp.ufpel.edu.br\/ppgl\/2021\/02\/23\/edital-aluno-especial-2021-1\/","title":{"rendered":"EDITAL ALUNO ESPECIAL 2021\/1"},"content":{"rendered":"<p>Foi lan\u00e7ado o Edital para ingresso como Aluno Especial \u00a0do Programa de P\u00f3s-Gradua\u00e7\u00e3o em Letras da Universidade Federal de Pelotas.<\/p>\n<p>As inscri\u00e7\u00f5es podem ser realizadas de 23 de fevereiro a 06 de mar\u00e7o de 2021<strong>,\u00a0<\/strong>atrav\u00e9s do email ppgl.ufpel@gmail.com.<\/p>\n<p><a href=\"https:\/\/wp.ufpel.edu.br\/ppgl\/files\/2021\/02\/SEI_UFPel-1208949-Edital-de-selecao-PRPPGI.pdf\">Edital Aluno Especial 2021\/1<\/a><\/p>\n<p><a href=\"https:\/\/wp.ufpel.edu.br\/ppgl\/files\/2021\/02\/Requerimento-de-Inscricao-Regime-Especial-2020-1.doc\">Requerimento de Inscri\u00e7\u00e3o &#8211; Regime Especial 2021\/1<\/a><\/p>\n<p><a href=\"https:\/\/wp.ufpel.edu.br\/ppgl\/files\/2021\/02\/Ficha-de-matricula-Aluno-Especial-20201.doc\">Ficha de matr\u00edcula &#8211; Aluno Especial 2021\/1<\/a><\/p>\n<p><a href=\"https:\/\/wp.ufpel.edu.br\/ppgl\/files\/2021\/02\/ANEXO-1.docx\">ANEXO-1<\/a><\/p>\n","protected":false},"excerpt":{"rendered":"<p>Foi lan\u00e7ado o Edital para ingresso como Aluno Especial \u00a0do Programa de P\u00f3s-Gradua\u00e7\u00e3o em Letras da Universidade Federal de Pelotas. As inscri\u00e7\u00f5es podem ser realizadas de 23 de fevereiro a 06 de mar\u00e7o de 2021,\u00a0atrav\u00e9s do email ppgl.ufpel@gmail.com. Edital Aluno Especial 2021\/1 Requerimento de Inscri\u00e7\u00e3o &#8211; Regime Especial 2021\/1 Ficha de matr\u00edcula &#8211; Aluno Especial [&hellip;]<\/p>\n","protected":false},"author":253,"featured_media":0,"comment_status":"closed","ping_status":"closed","sticky":false,"template":"","format":"standard","meta":{"jetpack_post_was_ever_published":false,"_jetpack_newsletter_access":"","_jetpack_dont_email_post_to_subs":false,"_jetpack_newsletter_tier_id":0,"_jetpack_memberships_contains_paywalled_content":false,"_jetpack_memberships_contains_paid_content":false,"footnotes":"","jetpack_publicize_message":"","jetpack_publicize_feature_enabled":true,"jetpack_social_post_already_shared":true,"jetpack_social_options":{"image_generator_settings":{"template":"highway","default_image_id":0,"font":"","enabled":false},"version":2}},"categories":[18],"tags":[],"class_list":["post-4916","post","type-post","status-publish","format-standard","hentry","category-sem-categoria"],"jetpack_publicize_connections":[],"jetpack_featured_media_url":"","jetpack_sharing_enabled":true,"jetpack_shortlink":"https:\/\/wp.me\/p8vD3Q-1hi","_links":{"self":[{"href":"https:\/\/wp.ufpel.edu.br\/ppgl\/wp-json\/wp\/v2\/posts\/4916","targetHints":{"allow":["GET"]}}],"collection":[{"href":"https:\/\/wp.ufpel.edu.br\/ppgl\/wp-json\/wp\/v2\/posts"}],"about":[{"href":"https:\/\/wp.ufpel.edu.br\/ppgl\/wp-json\/wp\/v2\/types\/post"}],"author":[{"embeddable":true,"href":"https:\/\/wp.ufpel.edu.br\/ppgl\/wp-json\/wp\/v2\/users\/253"}],"replies":[{"embeddable":true,"href":"https:\/\/wp.ufpel.edu.br\/ppgl\/wp-json\/wp\/v2\/comments?post=4916"}],"version-history":[{"count":2,"href":"https:\/\/wp.ufpel.edu.br\/ppgl\/wp-json\/wp\/v2\/posts\/4916\/revisions"}],"predecessor-version":[{"id":4939,"href":"https:\/\/wp.ufpel.edu.br\/ppgl\/wp-json\/wp\/v2\/posts\/4916\/revisions\/4939"}],"wp:attachment":[{"href":"https:\/\/wp.ufpel.edu.br\/ppgl\/wp-json\/wp\/v2\/media?parent=4916"}],"wp:term":[{"taxonomy":"category","embeddable":true,"href":"https:\/\/wp.ufpel.edu.br\/ppgl\/wp-json\/wp\/v2\/categories?post=4916"},{"taxonomy":"post_tag","embeddable":true,"href":"https:\/\/wp.ufpel.edu.br\/ppgl\/wp-json\/wp\/v2\/tags?post=4916"}],"curies":[{"name":"wp","href":"https:\/\/api.w.org\/{rel}","templated":true}]}}