{"id":4868,"date":"2021-01-25T14:34:30","date_gmt":"2021-01-25T17:34:30","guid":{"rendered":"https:\/\/wp.ufpel.edu.br\/ppgl\/?p=4868"},"modified":"2021-02-03T08:48:15","modified_gmt":"2021-02-03T11:48:15","slug":"matriculas-2021-1-alunos-regulares","status":"publish","type":"post","link":"https:\/\/wp.ufpel.edu.br\/ppgl\/2021\/01\/25\/matriculas-2021-1-alunos-regulares\/","title":{"rendered":"Matr\u00edculas 2021\/1 &#8211; alunos regulares"},"content":{"rendered":"<div>De 29\/01 a 08\/02, est\u00e3o abertas as matr\u00edculas para alunos regulares do Programa de P\u00f3s-Gradua\u00e7\u00e3o em Letras no que se refere ao Calend\u00e1rio 2021\/1.<\/div>\n<div>Acesse aqui a grade de hor\u00e1rios e a ficha de matr\u00edcula.<\/div>\n<div><\/div>\n<div><a href=\"https:\/\/wp.ufpel.edu.br\/ppgl\/files\/2021\/01\/Calendario-2021-Pos-Graduacao-1.docx\">Calend\u00e1rio 2021 &#8211; P\u00f3s-Gradua\u00e7\u00e3o em Letras<\/a><\/div>\n<div><\/div>\n<div><a href=\"https:\/\/wp.ufpel.edu.br\/ppgl\/files\/2021\/01\/Horario-20201-2-1-2-2-1.docx\">Ofertas de disciplina com hor\u00e1rios 2021\/1<\/a><\/div>\n<div><a href=\"https:\/\/wp.ufpel.edu.br\/ppgl\/files\/2021\/01\/Ficha-de-matricula.doc\">Ficha de matr\u00edcula 2021\/1<\/a><\/div>\n","protected":false},"excerpt":{"rendered":"<p>De 29\/01 a 08\/02, est\u00e3o abertas as matr\u00edculas para alunos regulares do Programa de P\u00f3s-Gradua\u00e7\u00e3o em Letras no que se refere ao Calend\u00e1rio 2021\/1. Acesse aqui a grade de hor\u00e1rios e a ficha de matr\u00edcula. Calend\u00e1rio 2021 &#8211; P\u00f3s-Gradua\u00e7\u00e3o em Letras Ofertas de disciplina com hor\u00e1rios 2021\/1 Ficha de matr\u00edcula 2021\/1<\/p>\n","protected":false},"author":253,"featured_media":0,"comment_status":"closed","ping_status":"closed","sticky":false,"template":"","format":"standard","meta":{"jetpack_post_was_ever_published":false,"_jetpack_newsletter_access":"","_jetpack_dont_email_post_to_subs":false,"_jetpack_newsletter_tier_id":0,"_jetpack_memberships_contains_paywalled_content":false,"_jetpack_memberships_contains_paid_content":false,"footnotes":"","jetpack_publicize_message":"","jetpack_publicize_feature_enabled":true,"jetpack_social_post_already_shared":true,"jetpack_social_options":{"image_generator_settings":{"template":"highway","default_image_id":0,"font":"","enabled":false},"version":2}},"categories":[18],"tags":[],"class_list":["post-4868","post","type-post","status-publish","format-standard","hentry","category-sem-categoria"],"jetpack_publicize_connections":[],"jetpack_featured_media_url":"","jetpack_sharing_enabled":true,"jetpack_shortlink":"https:\/\/wp.me\/p8vD3Q-1gw","_links":{"self":[{"href":"https:\/\/wp.ufpel.edu.br\/ppgl\/wp-json\/wp\/v2\/posts\/4868","targetHints":{"allow":["GET"]}}],"collection":[{"href":"https:\/\/wp.ufpel.edu.br\/ppgl\/wp-json\/wp\/v2\/posts"}],"about":[{"href":"https:\/\/wp.ufpel.edu.br\/ppgl\/wp-json\/wp\/v2\/types\/post"}],"author":[{"embeddable":true,"href":"https:\/\/wp.ufpel.edu.br\/ppgl\/wp-json\/wp\/v2\/users\/253"}],"replies":[{"embeddable":true,"href":"https:\/\/wp.ufpel.edu.br\/ppgl\/wp-json\/wp\/v2\/comments?post=4868"}],"version-history":[{"count":5,"href":"https:\/\/wp.ufpel.edu.br\/ppgl\/wp-json\/wp\/v2\/posts\/4868\/revisions"}],"predecessor-version":[{"id":4889,"href":"https:\/\/wp.ufpel.edu.br\/ppgl\/wp-json\/wp\/v2\/posts\/4868\/revisions\/4889"}],"wp:attachment":[{"href":"https:\/\/wp.ufpel.edu.br\/ppgl\/wp-json\/wp\/v2\/media?parent=4868"}],"wp:term":[{"taxonomy":"category","embeddable":true,"href":"https:\/\/wp.ufpel.edu.br\/ppgl\/wp-json\/wp\/v2\/categories?post=4868"},{"taxonomy":"post_tag","embeddable":true,"href":"https:\/\/wp.ufpel.edu.br\/ppgl\/wp-json\/wp\/v2\/tags?post=4868"}],"curies":[{"name":"wp","href":"https:\/\/api.w.org\/{rel}","templated":true}]}}