{"id":4779,"date":"2020-10-29T07:20:53","date_gmt":"2020-10-29T10:20:53","guid":{"rendered":"https:\/\/wp.ufpel.edu.br\/ppgl\/?p=4779"},"modified":"2020-10-29T09:48:50","modified_gmt":"2020-10-29T12:48:50","slug":"ppgl-divulga-paletra","status":"publish","type":"post","link":"https:\/\/wp.ufpel.edu.br\/ppgl\/2020\/10\/29\/ppgl-divulga-paletra\/","title":{"rendered":"PPGL promove palestras sobre t\u00e9cnica de rastreamento ocular"},"content":{"rendered":"<p><a href=\"https:\/\/wp.ufpel.edu.br\/ppgl\/files\/2020\/10\/Palestra-1.png\"><img class=\"alignnone size-medium wp-image-4781\" src=\"https:\/\/wp.ufpel.edu.br\/ppgl\/files\/2020\/10\/Palestra-1-379x318.png\" alt=\"\" width=\"379\" height=\"318\" srcset=\"https:\/\/wp.ufpel.edu.br\/ppgl\/files\/2020\/10\/Palestra-1-379x318.png 379w, https:\/\/wp.ufpel.edu.br\/ppgl\/files\/2020\/10\/Palestra-1-190x159.png 190w, https:\/\/wp.ufpel.edu.br\/ppgl\/files\/2020\/10\/Palestra-1-768x644.png 768w, https:\/\/wp.ufpel.edu.br\/ppgl\/files\/2020\/10\/Palestra-1-750x629.png 750w, https:\/\/wp.ufpel.edu.br\/ppgl\/files\/2020\/10\/Palestra-1.png 940w\" sizes=\"(max-width: 379px) 100vw, 379px\" \/><\/a><\/p>\n<p>&nbsp;<\/p>\n<p>Data: 05\/11<br \/>\nHor\u00e1rio: 8h \u00e0s 9h<br \/>\nT\u00edtulo: Introduction to eye movements and first results of a German-Brazil research cooperation<br \/>\nPalestrante: Dr. Andr\u00e9 Kr\u00fcgel, Universidade de Potsdam, Alemanha<\/p>\n<div>Link:\u00a0<a href=\"https:\/\/webconf.ufpel.edu.br\/b\/ang-r6j-k4k\" target=\"_blank\" rel=\"noopener noreferrer\" data-saferedirecturl=\"https:\/\/www.google.com\/url?q=https:\/\/webconf.ufpel.edu.br\/b\/ang-r6j-k4k&amp;source=gmail&amp;ust=1604000794714000&amp;usg=AFQjCNHgR2-NxjA1ESRc2IHutsM6SrdEJQ\">https:\/\/webconf.ufpel.edu.br\/b\/ang-r6j-k4k<\/a><\/div>\n<div><\/div>\n","protected":false},"excerpt":{"rendered":"<p>&nbsp; Data: 05\/11 Hor\u00e1rio: 8h \u00e0s 9h T\u00edtulo: Introduction to eye movements and first results of a German-Brazil research cooperation Palestrante: Dr. Andr\u00e9 Kr\u00fcgel, Universidade de Potsdam, Alemanha Link:\u00a0https:\/\/webconf.ufpel.edu.br\/b\/ang-r6j-k4k<\/p>\n","protected":false},"author":253,"featured_media":0,"comment_status":"closed","ping_status":"closed","sticky":false,"template":"","format":"standard","meta":{"jetpack_post_was_ever_published":false,"_jetpack_newsletter_access":"","_jetpack_dont_email_post_to_subs":false,"_jetpack_newsletter_tier_id":0,"_jetpack_memberships_contains_paywalled_content":false,"_jetpack_memberships_contains_paid_content":false,"footnotes":"","jetpack_publicize_message":"","jetpack_publicize_feature_enabled":true,"jetpack_social_post_already_shared":true,"jetpack_social_options":{"image_generator_settings":{"template":"highway","default_image_id":0,"font":"","enabled":false},"version":2}},"categories":[18],"tags":[],"class_list":["post-4779","post","type-post","status-publish","format-standard","hentry","category-sem-categoria"],"jetpack_publicize_connections":[],"jetpack_featured_media_url":"","jetpack_sharing_enabled":true,"jetpack_shortlink":"https:\/\/wp.me\/p8vD3Q-1f5","_links":{"self":[{"href":"https:\/\/wp.ufpel.edu.br\/ppgl\/wp-json\/wp\/v2\/posts\/4779","targetHints":{"allow":["GET"]}}],"collection":[{"href":"https:\/\/wp.ufpel.edu.br\/ppgl\/wp-json\/wp\/v2\/posts"}],"about":[{"href":"https:\/\/wp.ufpel.edu.br\/ppgl\/wp-json\/wp\/v2\/types\/post"}],"author":[{"embeddable":true,"href":"https:\/\/wp.ufpel.edu.br\/ppgl\/wp-json\/wp\/v2\/users\/253"}],"replies":[{"embeddable":true,"href":"https:\/\/wp.ufpel.edu.br\/ppgl\/wp-json\/wp\/v2\/comments?post=4779"}],"version-history":[{"count":2,"href":"https:\/\/wp.ufpel.edu.br\/ppgl\/wp-json\/wp\/v2\/posts\/4779\/revisions"}],"predecessor-version":[{"id":4788,"href":"https:\/\/wp.ufpel.edu.br\/ppgl\/wp-json\/wp\/v2\/posts\/4779\/revisions\/4788"}],"wp:attachment":[{"href":"https:\/\/wp.ufpel.edu.br\/ppgl\/wp-json\/wp\/v2\/media?parent=4779"}],"wp:term":[{"taxonomy":"category","embeddable":true,"href":"https:\/\/wp.ufpel.edu.br\/ppgl\/wp-json\/wp\/v2\/categories?post=4779"},{"taxonomy":"post_tag","embeddable":true,"href":"https:\/\/wp.ufpel.edu.br\/ppgl\/wp-json\/wp\/v2\/tags?post=4779"}],"curies":[{"name":"wp","href":"https:\/\/api.w.org\/{rel}","templated":true}]}}