{"id":4743,"date":"2020-10-13T16:53:28","date_gmt":"2020-10-13T19:53:28","guid":{"rendered":"https:\/\/wp.ufpel.edu.br\/ppgl\/?p=4743"},"modified":"2020-10-13T16:53:28","modified_gmt":"2020-10-13T19:53:28","slug":"mudanca-da-transmissao-da-aula-inaugural-para-o-canal-do-youtube-do-ppgl","status":"publish","type":"post","link":"https:\/\/wp.ufpel.edu.br\/ppgl\/2020\/10\/13\/mudanca-da-transmissao-da-aula-inaugural-para-o-canal-do-youtube-do-ppgl\/","title":{"rendered":"Mudan\u00e7a da transmiss\u00e3o da Aula Inaugural para o canal do YouTube do PPGL"},"content":{"rendered":"<div dir=\"ltr\" style=\"text-align: justify\">Devido ao grande n\u00famero de inscritos para a Aula Inaugural da linha de pesquisa Texto, Discurso e Rela\u00e7\u00f5es Sociais, do Programa de P\u00f3s-Gradua\u00e7\u00e3o em Letras da UFPel, a live do Prof. Dr. Jos\u00e9 Luiz Fiorin ser\u00e1 transmitida no canal do YouTube do PPGL.<\/div>\n<div dir=\"ltr\" style=\"text-align: justify\">\n<div>A data e hor\u00e1rio de realiza\u00e7\u00e3o da Aula Inaugural permanecem inalterados, ou seja, 15\/10, \u00e0s 10h.<\/div>\n<div dir=\"ltr\"><\/div>\n<div>Inscreva-se no canal e ative as notifica\u00e7\u00f5es:\u00a0<a href=\"https:\/\/bit.ly\/34TJjO8\" target=\"_blank\" rel=\"noopener noreferrer\" data-saferedirecturl=\"https:\/\/www.google.com\/url?q=https:\/\/bit.ly\/34TJjO8&amp;source=gmail&amp;ust=1602703750390000&amp;usg=AFQjCNE_Sg8EmirOqSeIPxLbeDBHC7HNEQ\">https:\/\/bit.ly\/34TJjO8<\/a><\/div>\n<div dir=\"ltr\"><\/div>\n<p>Agradecemos a compreens\u00e3o.<\/p><\/div>\n<div dir=\"ltr\"><\/div>\n<div dir=\"ltr\"><a href=\"https:\/\/wp.ufpel.edu.br\/ppgl\/files\/2020\/10\/Image-2.jpeg\"><img class=\"alignnone size-medium wp-image-4745\" src=\"https:\/\/wp.ufpel.edu.br\/ppgl\/files\/2020\/10\/Image-2-318x318.jpeg\" alt=\"\" width=\"318\" height=\"318\" srcset=\"https:\/\/wp.ufpel.edu.br\/ppgl\/files\/2020\/10\/Image-2-318x318.jpeg 318w, https:\/\/wp.ufpel.edu.br\/ppgl\/files\/2020\/10\/Image-2-159x159.jpeg 159w, https:\/\/wp.ufpel.edu.br\/ppgl\/files\/2020\/10\/Image-2-768x768.jpeg 768w, https:\/\/wp.ufpel.edu.br\/ppgl\/files\/2020\/10\/Image-2-750x750.jpeg 750w, https:\/\/wp.ufpel.edu.br\/ppgl\/files\/2020\/10\/Image-2.jpeg 1080w\" sizes=\"(max-width: 318px) 100vw, 318px\" \/><\/a><\/div>\n","protected":false},"excerpt":{"rendered":"<p>Devido ao grande n\u00famero de inscritos para a Aula Inaugural da linha de pesquisa Texto, Discurso e Rela\u00e7\u00f5es Sociais, do Programa de P\u00f3s-Gradua\u00e7\u00e3o em Letras da UFPel, a live do Prof. Dr. Jos\u00e9 Luiz Fiorin ser\u00e1 transmitida no canal do YouTube do PPGL. A data e hor\u00e1rio de realiza\u00e7\u00e3o da Aula Inaugural permanecem inalterados, ou [&hellip;]<\/p>\n","protected":false},"author":253,"featured_media":0,"comment_status":"closed","ping_status":"closed","sticky":false,"template":"","format":"standard","meta":{"jetpack_post_was_ever_published":false,"_jetpack_newsletter_access":"","_jetpack_dont_email_post_to_subs":false,"_jetpack_newsletter_tier_id":0,"_jetpack_memberships_contains_paywalled_content":false,"_jetpack_memberships_contains_paid_content":false,"footnotes":"","jetpack_publicize_message":"","jetpack_publicize_feature_enabled":true,"jetpack_social_post_already_shared":true,"jetpack_social_options":{"image_generator_settings":{"template":"highway","default_image_id":0,"font":"","enabled":false},"version":2}},"categories":[18],"tags":[],"class_list":["post-4743","post","type-post","status-publish","format-standard","hentry","category-sem-categoria"],"jetpack_publicize_connections":[],"jetpack_featured_media_url":"","jetpack_sharing_enabled":true,"jetpack_shortlink":"https:\/\/wp.me\/p8vD3Q-1ev","_links":{"self":[{"href":"https:\/\/wp.ufpel.edu.br\/ppgl\/wp-json\/wp\/v2\/posts\/4743","targetHints":{"allow":["GET"]}}],"collection":[{"href":"https:\/\/wp.ufpel.edu.br\/ppgl\/wp-json\/wp\/v2\/posts"}],"about":[{"href":"https:\/\/wp.ufpel.edu.br\/ppgl\/wp-json\/wp\/v2\/types\/post"}],"author":[{"embeddable":true,"href":"https:\/\/wp.ufpel.edu.br\/ppgl\/wp-json\/wp\/v2\/users\/253"}],"replies":[{"embeddable":true,"href":"https:\/\/wp.ufpel.edu.br\/ppgl\/wp-json\/wp\/v2\/comments?post=4743"}],"version-history":[{"count":1,"href":"https:\/\/wp.ufpel.edu.br\/ppgl\/wp-json\/wp\/v2\/posts\/4743\/revisions"}],"predecessor-version":[{"id":4746,"href":"https:\/\/wp.ufpel.edu.br\/ppgl\/wp-json\/wp\/v2\/posts\/4743\/revisions\/4746"}],"wp:attachment":[{"href":"https:\/\/wp.ufpel.edu.br\/ppgl\/wp-json\/wp\/v2\/media?parent=4743"}],"wp:term":[{"taxonomy":"category","embeddable":true,"href":"https:\/\/wp.ufpel.edu.br\/ppgl\/wp-json\/wp\/v2\/categories?post=4743"},{"taxonomy":"post_tag","embeddable":true,"href":"https:\/\/wp.ufpel.edu.br\/ppgl\/wp-json\/wp\/v2\/tags?post=4743"}],"curies":[{"name":"wp","href":"https:\/\/api.w.org\/{rel}","templated":true}]}}