{"id":4586,"date":"2020-07-31T20:10:23","date_gmt":"2020-07-31T23:10:23","guid":{"rendered":"https:\/\/wp.ufpel.edu.br\/ppgl\/?p=4586"},"modified":"2020-07-31T20:10:23","modified_gmt":"2020-07-31T23:10:23","slug":"resultado-da-primeira-fase-selecao-de-mestrado-2-2020","status":"publish","type":"post","link":"https:\/\/wp.ufpel.edu.br\/ppgl\/2020\/07\/31\/resultado-da-primeira-fase-selecao-de-mestrado-2-2020\/","title":{"rendered":"Resultado da PRIMEIRA FASE \u2013 Sele\u00e7\u00e3o de Mestrado 2\/2020"},"content":{"rendered":"<p style=\"text-align: justify\">A Universidade Federal de Pelotas, em conformidade com o Regimento\u00a0<i>Stricto Sensu\u00a0<\/i>da Pr\u00f3- Reitoria de Pesquisa, P\u00f3s-Gradua\u00e7\u00e3o e Inova\u00e7\u00e3o, e a Coordena\u00e7\u00e3o do Programa de P\u00f3s-Gradua\u00e7\u00e3o em Letras, torna p\u00fablica a listagem dos candidatos aprovados na PRIMEIRA FASE do processo de sele\u00e7\u00e3o ao referido Programa, nos termos estabelecidos no EDITAL 0948115\/2020 \u2013 SELE\u00c7\u00c3O DE ALUNO REGULAR MESTRADO \u2013 2\/2020.<\/p>\n<p>&nbsp;<\/p>\n<p><a href=\"https:\/\/wp.ufpel.edu.br\/ppgl\/files\/2020\/07\/Resultado-1a-Fase.pdf\">Resultado 1a Fase<\/a><\/p>\n","protected":false},"excerpt":{"rendered":"<p>A Universidade Federal de Pelotas, em conformidade com o Regimento\u00a0Stricto Sensu\u00a0da Pr\u00f3- Reitoria de Pesquisa, P\u00f3s-Gradua\u00e7\u00e3o e Inova\u00e7\u00e3o, e a Coordena\u00e7\u00e3o do Programa de P\u00f3s-Gradua\u00e7\u00e3o em Letras, torna p\u00fablica a listagem dos candidatos aprovados na PRIMEIRA FASE do processo de sele\u00e7\u00e3o ao referido Programa, nos termos estabelecidos no EDITAL 0948115\/2020 \u2013 SELE\u00c7\u00c3O DE ALUNO REGULAR [&hellip;]<\/p>\n","protected":false},"author":253,"featured_media":0,"comment_status":"closed","ping_status":"closed","sticky":false,"template":"","format":"standard","meta":{"jetpack_post_was_ever_published":false,"_jetpack_newsletter_access":"","_jetpack_dont_email_post_to_subs":false,"_jetpack_newsletter_tier_id":0,"_jetpack_memberships_contains_paywalled_content":false,"_jetpack_memberships_contains_paid_content":false,"footnotes":"","jetpack_publicize_message":"","jetpack_publicize_feature_enabled":true,"jetpack_social_post_already_shared":true,"jetpack_social_options":{"image_generator_settings":{"template":"highway","default_image_id":0,"font":"","enabled":false},"version":2}},"categories":[18],"tags":[],"class_list":["post-4586","post","type-post","status-publish","format-standard","hentry","category-sem-categoria"],"jetpack_publicize_connections":[],"jetpack_featured_media_url":"","jetpack_sharing_enabled":true,"jetpack_shortlink":"https:\/\/wp.me\/p8vD3Q-1bY","_links":{"self":[{"href":"https:\/\/wp.ufpel.edu.br\/ppgl\/wp-json\/wp\/v2\/posts\/4586","targetHints":{"allow":["GET"]}}],"collection":[{"href":"https:\/\/wp.ufpel.edu.br\/ppgl\/wp-json\/wp\/v2\/posts"}],"about":[{"href":"https:\/\/wp.ufpel.edu.br\/ppgl\/wp-json\/wp\/v2\/types\/post"}],"author":[{"embeddable":true,"href":"https:\/\/wp.ufpel.edu.br\/ppgl\/wp-json\/wp\/v2\/users\/253"}],"replies":[{"embeddable":true,"href":"https:\/\/wp.ufpel.edu.br\/ppgl\/wp-json\/wp\/v2\/comments?post=4586"}],"version-history":[{"count":1,"href":"https:\/\/wp.ufpel.edu.br\/ppgl\/wp-json\/wp\/v2\/posts\/4586\/revisions"}],"predecessor-version":[{"id":4589,"href":"https:\/\/wp.ufpel.edu.br\/ppgl\/wp-json\/wp\/v2\/posts\/4586\/revisions\/4589"}],"wp:attachment":[{"href":"https:\/\/wp.ufpel.edu.br\/ppgl\/wp-json\/wp\/v2\/media?parent=4586"}],"wp:term":[{"taxonomy":"category","embeddable":true,"href":"https:\/\/wp.ufpel.edu.br\/ppgl\/wp-json\/wp\/v2\/categories?post=4586"},{"taxonomy":"post_tag","embeddable":true,"href":"https:\/\/wp.ufpel.edu.br\/ppgl\/wp-json\/wp\/v2\/tags?post=4586"}],"curies":[{"name":"wp","href":"https:\/\/api.w.org\/{rel}","templated":true}]}}