{"id":4568,"date":"2020-07-28T15:07:21","date_gmt":"2020-07-28T18:07:21","guid":{"rendered":"https:\/\/wp.ufpel.edu.br\/ppgl\/?p=4568"},"modified":"2020-07-28T15:07:21","modified_gmt":"2020-07-28T18:07:21","slug":"ppgl-promove-palestra-sobre-percepcao-da-fala","status":"publish","type":"post","link":"https:\/\/wp.ufpel.edu.br\/ppgl\/2020\/07\/28\/ppgl-promove-palestra-sobre-percepcao-da-fala\/","title":{"rendered":"PPGL promove palestra sobre percep\u00e7\u00e3o da fala"},"content":{"rendered":"<div style=\"text-align: justify\">O PPGL recebe, no dia 01\/08, o Prof. Felipe Bilharva da Silva para proferir a palestra &#8220;A percep\u00e7\u00e3o da fala nos estudos lingu\u00edsticos: teoria e pr\u00e1tica&#8221;.<\/div>\n<div><\/div>\n<div><a href=\"https:\/\/wp.ufpel.edu.br\/ppgl\/files\/2020\/07\/unnamed.jpg\"><img class=\"alignnone size-medium wp-image-4570\" src=\"https:\/\/wp.ufpel.edu.br\/ppgl\/files\/2020\/07\/unnamed-344x318.jpg\" alt=\"\" width=\"344\" height=\"318\" srcset=\"https:\/\/wp.ufpel.edu.br\/ppgl\/files\/2020\/07\/unnamed-344x318.jpg 344w, https:\/\/wp.ufpel.edu.br\/ppgl\/files\/2020\/07\/unnamed-172x159.jpg 172w, https:\/\/wp.ufpel.edu.br\/ppgl\/files\/2020\/07\/unnamed.jpg 617w\" sizes=\"(max-width: 344px) 100vw, 344px\" \/><\/a><\/div>\n<div style=\"text-align: justify\">Doutor em Lingu\u00edstica pela Pontif\u00edcia Universidade Cat\u00f3lica do Rio Grande do Sul, Mestre em Estudos da Linguagem pela Universidade Federal de Pelotas, realizou per\u00edodo de Doutorado-Sandu\u00edche no Centro de Estudos para Ibero-Am\u00e9rica da Universidade de Heidelberg (Alemanha). Atua nas \u00e1reas de Fon\u00e9tica e Fonologia do portugu\u00eas brasileiro, utilizando m\u00e9todos experimentais na an\u00e1lise dos dados de fala e avaliando as rela\u00e7\u00f5es do portugu\u00eas com l\u00ednguas de imigra\u00e7\u00e3o germ\u00e2nicas, como o pomerano. Trabalha ainda com rela\u00e7\u00f5es entre fala, escrita e percep\u00e7\u00e3o.<\/div>\n<div><\/div>\n<div>Data: 01\/08<\/div>\n<div>Hor\u00e1rio: 8h30<\/div>\n<div>Sala:\u00a0<a href=\"https:\/\/meet.google.com\/tfr-wdkr-vrz\" target=\"_blank\" rel=\"noopener noreferrer\" data-saferedirecturl=\"https:\/\/www.google.com\/url?q=https:\/\/meet.google.com\/tfr-&amp;source=gmail&amp;ust=1596045661404000&amp;usg=AFQjCNEWQf0EOsgxEe9DpIvNdj3Lu_0mIw\">https:\/\/meet.google.com\/tfr-<\/a>wdkr-vrz<\/div>\n","protected":false},"excerpt":{"rendered":"<p>O PPGL recebe, no dia 01\/08, o Prof. Felipe Bilharva da Silva para proferir a palestra &#8220;A percep\u00e7\u00e3o da fala nos estudos lingu\u00edsticos: teoria e pr\u00e1tica&#8221;. Doutor em Lingu\u00edstica pela Pontif\u00edcia Universidade Cat\u00f3lica do Rio Grande do Sul, Mestre em Estudos da Linguagem pela Universidade Federal de Pelotas, realizou per\u00edodo de Doutorado-Sandu\u00edche no Centro de [&hellip;]<\/p>\n","protected":false},"author":253,"featured_media":0,"comment_status":"closed","ping_status":"closed","sticky":false,"template":"","format":"standard","meta":{"jetpack_post_was_ever_published":false,"_jetpack_newsletter_access":"","_jetpack_dont_email_post_to_subs":false,"_jetpack_newsletter_tier_id":0,"_jetpack_memberships_contains_paywalled_content":false,"_jetpack_memberships_contains_paid_content":false,"footnotes":"","jetpack_publicize_message":"","jetpack_publicize_feature_enabled":true,"jetpack_social_post_already_shared":true,"jetpack_social_options":{"image_generator_settings":{"template":"highway","default_image_id":0,"font":"","enabled":false},"version":2}},"categories":[18],"tags":[],"class_list":["post-4568","post","type-post","status-publish","format-standard","hentry","category-sem-categoria"],"jetpack_publicize_connections":[],"jetpack_featured_media_url":"","jetpack_sharing_enabled":true,"jetpack_shortlink":"https:\/\/wp.me\/p8vD3Q-1bG","_links":{"self":[{"href":"https:\/\/wp.ufpel.edu.br\/ppgl\/wp-json\/wp\/v2\/posts\/4568","targetHints":{"allow":["GET"]}}],"collection":[{"href":"https:\/\/wp.ufpel.edu.br\/ppgl\/wp-json\/wp\/v2\/posts"}],"about":[{"href":"https:\/\/wp.ufpel.edu.br\/ppgl\/wp-json\/wp\/v2\/types\/post"}],"author":[{"embeddable":true,"href":"https:\/\/wp.ufpel.edu.br\/ppgl\/wp-json\/wp\/v2\/users\/253"}],"replies":[{"embeddable":true,"href":"https:\/\/wp.ufpel.edu.br\/ppgl\/wp-json\/wp\/v2\/comments?post=4568"}],"version-history":[{"count":1,"href":"https:\/\/wp.ufpel.edu.br\/ppgl\/wp-json\/wp\/v2\/posts\/4568\/revisions"}],"predecessor-version":[{"id":4571,"href":"https:\/\/wp.ufpel.edu.br\/ppgl\/wp-json\/wp\/v2\/posts\/4568\/revisions\/4571"}],"wp:attachment":[{"href":"https:\/\/wp.ufpel.edu.br\/ppgl\/wp-json\/wp\/v2\/media?parent=4568"}],"wp:term":[{"taxonomy":"category","embeddable":true,"href":"https:\/\/wp.ufpel.edu.br\/ppgl\/wp-json\/wp\/v2\/categories?post=4568"},{"taxonomy":"post_tag","embeddable":true,"href":"https:\/\/wp.ufpel.edu.br\/ppgl\/wp-json\/wp\/v2\/tags?post=4568"}],"curies":[{"name":"wp","href":"https:\/\/api.w.org\/{rel}","templated":true}]}}