{"id":4542,"date":"2020-06-25T11:11:25","date_gmt":"2020-06-25T14:11:25","guid":{"rendered":"https:\/\/wp.ufpel.edu.br\/ppgl\/?p=4542"},"modified":"2020-06-25T11:11:25","modified_gmt":"2020-06-25T14:11:25","slug":"ppgl-convida-para-defesa-de-dissertacao-de-mestrado","status":"publish","type":"post","link":"https:\/\/wp.ufpel.edu.br\/ppgl\/2020\/06\/25\/ppgl-convida-para-defesa-de-dissertacao-de-mestrado\/","title":{"rendered":"PPGL convida para Defesa de Disserta\u00e7\u00e3o de Mestrado"},"content":{"rendered":"<div><strong>Mestrando:<\/strong> Aroldo Garcia dos Anjos<\/div>\n<div>\n<div title=\"Page 1\">\n<div>\n<div>\n<div>\n<p><strong>T\u00edtulo:<\/strong> Lavrar a n\u00e9voa: o tempo em\u00a0Satolep,\u00a0de Vitor Ramil<br \/>\n<strong>Banca:<\/strong> Profa. Daiane Neumann (UFPEL), Profa. Luiza Ely Milano (UFRGS), Prof. Helano Jader Cavalcante Ribeiro (UFPEL)<\/p>\n<p><strong>Data:<\/strong> 02\/07\/2020<\/p>\n<p><strong>Hora:<\/strong> 14h<\/p>\n<p><strong>Local:<\/strong>\u00a0<a id=\"m_78637882415021696gmail-m_2476027881421971875gmail-m_-512638461761939185LPNoLP381070\" href=\"https:\/\/webconf.ufpel.edu.br\/b\/dai-pme-xvz\" target=\"_blank\" rel=\"noopener noreferrer\" data-saferedirecturl=\"https:\/\/www.google.com\/url?q=https:\/\/webconf.ufpel.edu.br\/b\/dai-pme-xvz&amp;source=gmail&amp;ust=1593180577488000&amp;usg=AFQjCNF1C3xXN3FEBQW__55EgRgF6eys-Q\">https:\/\/webconf.ufpel.edu.br\/b\/dai-pme-xvz<\/a><\/p>\n<div>Caso ocorra algum problema na conex\u00e3o da sala, ser\u00e1 utilizado um outro &#8220;espa\u00e7o&#8221; no Google Meet:<\/div>\n<div dir=\"ltr\"><a href=\"https:\/\/meet.google.com\/bjq-skss-qdh\" target=\"_blank\" rel=\"noopener noreferrer\" data-saferedirecturl=\"https:\/\/www.google.com\/url?q=https:\/\/meet.google.com\/bjq-skss-qdh&amp;source=gmail&amp;ust=1593180577488000&amp;usg=AFQjCNHymctiKuk2YZNmW9unTXHaYZDqAw\">https:\/\/meet.google.com\/bjq-skss-qdh<\/a><\/div>\n<\/div>\n<\/div>\n<\/div>\n<\/div>\n<\/div>\n<div class=\"yj6qo\"><\/div>\n<div class=\"adL\"><\/div>\n","protected":false},"excerpt":{"rendered":"<p>Mestrando: Aroldo Garcia dos Anjos T\u00edtulo: Lavrar a n\u00e9voa: o tempo em\u00a0Satolep,\u00a0de Vitor Ramil Banca: Profa. Daiane Neumann (UFPEL), Profa. Luiza Ely Milano (UFRGS), Prof. Helano Jader Cavalcante Ribeiro (UFPEL) Data: 02\/07\/2020 Hora: 14h Local:\u00a0https:\/\/webconf.ufpel.edu.br\/b\/dai-pme-xvz Caso ocorra algum problema na conex\u00e3o da sala, ser\u00e1 utilizado um outro &#8220;espa\u00e7o&#8221; no Google Meet: https:\/\/meet.google.com\/bjq-skss-qdh<\/p>\n","protected":false},"author":253,"featured_media":0,"comment_status":"closed","ping_status":"closed","sticky":false,"template":"","format":"standard","meta":{"jetpack_post_was_ever_published":false,"_jetpack_newsletter_access":"","_jetpack_dont_email_post_to_subs":false,"_jetpack_newsletter_tier_id":0,"_jetpack_memberships_contains_paywalled_content":false,"_jetpack_memberships_contains_paid_content":false,"footnotes":"","jetpack_publicize_message":"","jetpack_publicize_feature_enabled":true,"jetpack_social_post_already_shared":true,"jetpack_social_options":{"image_generator_settings":{"template":"highway","default_image_id":0,"font":"","enabled":false},"version":2}},"categories":[18],"tags":[],"class_list":["post-4542","post","type-post","status-publish","format-standard","hentry","category-sem-categoria"],"jetpack_publicize_connections":[],"jetpack_featured_media_url":"","jetpack_sharing_enabled":true,"jetpack_shortlink":"https:\/\/wp.me\/p8vD3Q-1bg","_links":{"self":[{"href":"https:\/\/wp.ufpel.edu.br\/ppgl\/wp-json\/wp\/v2\/posts\/4542","targetHints":{"allow":["GET"]}}],"collection":[{"href":"https:\/\/wp.ufpel.edu.br\/ppgl\/wp-json\/wp\/v2\/posts"}],"about":[{"href":"https:\/\/wp.ufpel.edu.br\/ppgl\/wp-json\/wp\/v2\/types\/post"}],"author":[{"embeddable":true,"href":"https:\/\/wp.ufpel.edu.br\/ppgl\/wp-json\/wp\/v2\/users\/253"}],"replies":[{"embeddable":true,"href":"https:\/\/wp.ufpel.edu.br\/ppgl\/wp-json\/wp\/v2\/comments?post=4542"}],"version-history":[{"count":1,"href":"https:\/\/wp.ufpel.edu.br\/ppgl\/wp-json\/wp\/v2\/posts\/4542\/revisions"}],"predecessor-version":[{"id":4544,"href":"https:\/\/wp.ufpel.edu.br\/ppgl\/wp-json\/wp\/v2\/posts\/4542\/revisions\/4544"}],"wp:attachment":[{"href":"https:\/\/wp.ufpel.edu.br\/ppgl\/wp-json\/wp\/v2\/media?parent=4542"}],"wp:term":[{"taxonomy":"category","embeddable":true,"href":"https:\/\/wp.ufpel.edu.br\/ppgl\/wp-json\/wp\/v2\/categories?post=4542"},{"taxonomy":"post_tag","embeddable":true,"href":"https:\/\/wp.ufpel.edu.br\/ppgl\/wp-json\/wp\/v2\/tags?post=4542"}],"curies":[{"name":"wp","href":"https:\/\/api.w.org\/{rel}","templated":true}]}}