{"id":4515,"date":"2020-06-02T11:33:40","date_gmt":"2020-06-02T14:33:40","guid":{"rendered":"https:\/\/wp.ufpel.edu.br\/ppgl\/?p=4515"},"modified":"2020-06-02T11:33:40","modified_gmt":"2020-06-02T14:33:40","slug":"oferta-de-disciplinas-aos-participantes-do-edital-001-2020-aluno-especial","status":"publish","type":"post","link":"https:\/\/wp.ufpel.edu.br\/ppgl\/2020\/06\/02\/oferta-de-disciplinas-aos-participantes-do-edital-001-2020-aluno-especial\/","title":{"rendered":"Oferta de disciplinas aos participantes do Edital 001\/2020 &#8211; Aluno Especial"},"content":{"rendered":"<p style=\"font-weight: 400\">Est\u00e3o abertas, de 01\/06 a 14\/06, as matr\u00edculas para o Calend\u00e1rio Alternativo.<\/p>\n<p>Como nem todas as disciplinas ofertadas em 2020\/1 fazem parte da grade atual, os alunos que j\u00e1 tinham realizado matr\u00edcula especial para 2020\/1 possuem tr\u00eas op\u00e7\u00f5es:<\/p>\n<ol>\n<li>a)realizar nova matr\u00edcula nas disciplinas atualmente ofertadas;<\/li>\n<li>b)aguardar pela realiza\u00e7\u00e3o do pr\u00f3ximo semestre presencial \u2013 com data ainda n\u00e3o estabelecida pela Institui\u00e7\u00e3o, considerando a pandemia de COVID-19;<\/li>\n<li>c)solicitar ressarcimento da taxa de inscri\u00e7\u00e3o relativa ao Edital 01\/2020.<\/li>\n<\/ol>\n<p style=\"font-weight: 400\">Acesse aqui a grade de hor\u00e1rios e a ficha de matr\u00edcula.<\/p>\n<p>&nbsp;<\/p>\n<p><a href=\"https:\/\/wp.ufpel.edu.br\/ppgl\/files\/2020\/06\/Calend\u00e1rio-alternativo-aluno-especial.pdf\">Calend\u00e1rio alternativo aluno especial<\/a><\/p>\n<p><a href=\"https:\/\/wp.ufpel.edu.br\/ppgl\/files\/2020\/06\/Ficha-de-matr\u00edcula-Aluno-Especial-20201.doc\">Ficha-de-matr\u00edcula-Aluno-Especial-20201<\/a><\/p>\n","protected":false},"excerpt":{"rendered":"<p>Est\u00e3o abertas, de 01\/06 a 14\/06, as matr\u00edculas para o Calend\u00e1rio Alternativo. Como nem todas as disciplinas ofertadas em 2020\/1 fazem parte da grade atual, os alunos que j\u00e1 tinham realizado matr\u00edcula especial para 2020\/1 possuem tr\u00eas op\u00e7\u00f5es: a)realizar nova matr\u00edcula nas disciplinas atualmente ofertadas; b)aguardar pela realiza\u00e7\u00e3o do pr\u00f3ximo semestre presencial \u2013 com data [&hellip;]<\/p>\n","protected":false},"author":253,"featured_media":0,"comment_status":"closed","ping_status":"closed","sticky":false,"template":"","format":"standard","meta":{"jetpack_post_was_ever_published":false,"_jetpack_newsletter_access":"","_jetpack_dont_email_post_to_subs":false,"_jetpack_newsletter_tier_id":0,"_jetpack_memberships_contains_paywalled_content":false,"_jetpack_memberships_contains_paid_content":false,"footnotes":"","jetpack_publicize_message":"","jetpack_publicize_feature_enabled":true,"jetpack_social_post_already_shared":true,"jetpack_social_options":{"image_generator_settings":{"template":"highway","default_image_id":0,"font":"","enabled":false},"version":2}},"categories":[18],"tags":[],"class_list":["post-4515","post","type-post","status-publish","format-standard","hentry","category-sem-categoria"],"jetpack_publicize_connections":[],"jetpack_featured_media_url":"","jetpack_sharing_enabled":true,"jetpack_shortlink":"https:\/\/wp.me\/p8vD3Q-1aP","_links":{"self":[{"href":"https:\/\/wp.ufpel.edu.br\/ppgl\/wp-json\/wp\/v2\/posts\/4515","targetHints":{"allow":["GET"]}}],"collection":[{"href":"https:\/\/wp.ufpel.edu.br\/ppgl\/wp-json\/wp\/v2\/posts"}],"about":[{"href":"https:\/\/wp.ufpel.edu.br\/ppgl\/wp-json\/wp\/v2\/types\/post"}],"author":[{"embeddable":true,"href":"https:\/\/wp.ufpel.edu.br\/ppgl\/wp-json\/wp\/v2\/users\/253"}],"replies":[{"embeddable":true,"href":"https:\/\/wp.ufpel.edu.br\/ppgl\/wp-json\/wp\/v2\/comments?post=4515"}],"version-history":[{"count":1,"href":"https:\/\/wp.ufpel.edu.br\/ppgl\/wp-json\/wp\/v2\/posts\/4515\/revisions"}],"predecessor-version":[{"id":4519,"href":"https:\/\/wp.ufpel.edu.br\/ppgl\/wp-json\/wp\/v2\/posts\/4515\/revisions\/4519"}],"wp:attachment":[{"href":"https:\/\/wp.ufpel.edu.br\/ppgl\/wp-json\/wp\/v2\/media?parent=4515"}],"wp:term":[{"taxonomy":"category","embeddable":true,"href":"https:\/\/wp.ufpel.edu.br\/ppgl\/wp-json\/wp\/v2\/categories?post=4515"},{"taxonomy":"post_tag","embeddable":true,"href":"https:\/\/wp.ufpel.edu.br\/ppgl\/wp-json\/wp\/v2\/tags?post=4515"}],"curies":[{"name":"wp","href":"https:\/\/api.w.org\/{rel}","templated":true}]}}