{"id":4220,"date":"2020-01-10T11:30:55","date_gmt":"2020-01-10T14:30:55","guid":{"rendered":"https:\/\/wp.ufpel.edu.br\/ppgl\/?p=4220"},"modified":"2020-01-10T11:30:55","modified_gmt":"2020-01-10T14:30:55","slug":"credenciamento-docente","status":"publish","type":"post","link":"https:\/\/wp.ufpel.edu.br\/ppgl\/2020\/01\/10\/credenciamento-docente\/","title":{"rendered":"Credenciamento docente"},"content":{"rendered":"<p>A partir do m\u00eas de dezembro de 2019, o Programa de P\u00f3s-Gradua\u00e7\u00e3o em Letras &#8211; Mestrado e Doutorado &#8211; volta a ter, em seu quadro permanente, a Profa. Cl\u00e1udia Lorena Vouto da Fonseca, vinculada \u00e0 Linha de Pesquisa Literatura, Cultura e Tradu\u00e7\u00e3o.<\/p>\n<p>A Profa. Cl\u00e1udia realizou Doutorado em Literatura Comparada pela Universidade Federal do Rio Grande do Sul (2009) e P\u00f3s-doutorado pela Universidad Nacional de Cuyo, Mendoza-Argentina. L\u00edder do Grupo de Pesquisa Fic\u00e7\u00e3o Brasileira no S\u00e9culo XXI, coordena os Projetos de Pesquisa &#8220;Fic\u00e7\u00e3o Brasileira no S\u00e9culo XXI &#8211; intertextualidade e interdiscursividade&#8221; e &#8220;Publica\u00e7\u00f5es peri\u00f3dicas latino-americanas em alguns momentos do s\u00e9culo XX&#8221;. \u00c9 membro do Instituto de Literaturas Modernas (ILM) e do Centro Interdisciplinario de Literatura Hispano Americana (CILHA) da Universidad Nacional de Cuyo. \u00c9 tamb\u00e9m\u00a0 editora da Revista Caderno de Letras da UFPel. Tem experi\u00eancia na \u00e1rea de Letras, com \u00eanfase em Literatura Comparada, Literatura Brasileira, Portuguesa e Luso-africanas e Literatura Hispano-americana.<\/p>\n","protected":false},"excerpt":{"rendered":"<p>A partir do m\u00eas de dezembro de 2019, o Programa de P\u00f3s-Gradua\u00e7\u00e3o em Letras &#8211; Mestrado e Doutorado &#8211; volta a ter, em seu quadro permanente, a Profa. Cl\u00e1udia Lorena Vouto da Fonseca, vinculada \u00e0 Linha de Pesquisa Literatura, Cultura e Tradu\u00e7\u00e3o. A Profa. Cl\u00e1udia realizou Doutorado em Literatura Comparada pela Universidade Federal do Rio [&hellip;]<\/p>\n","protected":false},"author":253,"featured_media":0,"comment_status":"closed","ping_status":"closed","sticky":false,"template":"","format":"standard","meta":{"jetpack_post_was_ever_published":false,"_jetpack_newsletter_access":"","_jetpack_dont_email_post_to_subs":false,"_jetpack_newsletter_tier_id":0,"_jetpack_memberships_contains_paywalled_content":false,"_jetpack_memberships_contains_paid_content":false,"footnotes":"","jetpack_publicize_message":"","jetpack_publicize_feature_enabled":true,"jetpack_social_post_already_shared":true,"jetpack_social_options":{"image_generator_settings":{"template":"highway","default_image_id":0,"font":"","enabled":false},"version":2}},"categories":[18],"tags":[],"class_list":["post-4220","post","type-post","status-publish","format-standard","hentry","category-sem-categoria"],"jetpack_publicize_connections":[],"jetpack_featured_media_url":"","jetpack_sharing_enabled":true,"jetpack_shortlink":"https:\/\/wp.me\/p8vD3Q-164","_links":{"self":[{"href":"https:\/\/wp.ufpel.edu.br\/ppgl\/wp-json\/wp\/v2\/posts\/4220","targetHints":{"allow":["GET"]}}],"collection":[{"href":"https:\/\/wp.ufpel.edu.br\/ppgl\/wp-json\/wp\/v2\/posts"}],"about":[{"href":"https:\/\/wp.ufpel.edu.br\/ppgl\/wp-json\/wp\/v2\/types\/post"}],"author":[{"embeddable":true,"href":"https:\/\/wp.ufpel.edu.br\/ppgl\/wp-json\/wp\/v2\/users\/253"}],"replies":[{"embeddable":true,"href":"https:\/\/wp.ufpel.edu.br\/ppgl\/wp-json\/wp\/v2\/comments?post=4220"}],"version-history":[{"count":2,"href":"https:\/\/wp.ufpel.edu.br\/ppgl\/wp-json\/wp\/v2\/posts\/4220\/revisions"}],"predecessor-version":[{"id":4223,"href":"https:\/\/wp.ufpel.edu.br\/ppgl\/wp-json\/wp\/v2\/posts\/4220\/revisions\/4223"}],"wp:attachment":[{"href":"https:\/\/wp.ufpel.edu.br\/ppgl\/wp-json\/wp\/v2\/media?parent=4220"}],"wp:term":[{"taxonomy":"category","embeddable":true,"href":"https:\/\/wp.ufpel.edu.br\/ppgl\/wp-json\/wp\/v2\/categories?post=4220"},{"taxonomy":"post_tag","embeddable":true,"href":"https:\/\/wp.ufpel.edu.br\/ppgl\/wp-json\/wp\/v2\/tags?post=4220"}],"curies":[{"name":"wp","href":"https:\/\/api.w.org\/{rel}","templated":true}]}}