{"id":3228,"date":"2019-02-26T09:05:37","date_gmt":"2019-02-26T12:05:37","guid":{"rendered":"https:\/\/wp.ufpel.edu.br\/ppgl\/?p=3228"},"modified":"2019-02-26T09:05:37","modified_gmt":"2019-02-26T12:05:37","slug":"retificacao-do-edital-de-aluno-especial","status":"publish","type":"post","link":"https:\/\/wp.ufpel.edu.br\/ppgl\/2019\/02\/26\/retificacao-do-edital-de-aluno-especial\/","title":{"rendered":"Retifica\u00e7\u00e3o do Edital de Aluno Especial"},"content":{"rendered":"<p>Na p\u00e1gina 5 do Edital de Aluno Especial, onde se l\u00ea:<\/p>\n<p>Disciplina: T\u00f3picos especiais: corpo e discurso<br \/>\nDia\/Hor\u00e1rio: quarta-feira \/ 8h \u00e0s 11h40<br \/>\nProfessoras Dra. Aracy Ernst e Dra. Luciana Vinhas<\/p>\n<p>Leia-se:<\/p>\n<p>Disciplina: T\u00f3picos especiais: corpo e discurso<br \/>\nDia\/Hor\u00e1rio: quinta-feira \/ 8h \u00e0s 11h40<br \/>\nProfessoras Dra. Aracy Ernst e Dra. Luciana Vinhas<\/p>\n","protected":false},"excerpt":{"rendered":"<p>Na p\u00e1gina 5 do Edital de Aluno Especial, onde se l\u00ea: Disciplina: T\u00f3picos especiais: corpo e discurso Dia\/Hor\u00e1rio: quarta-feira \/ 8h \u00e0s 11h40 Professoras Dra. Aracy Ernst e Dra. Luciana Vinhas Leia-se: Disciplina: T\u00f3picos especiais: corpo e discurso Dia\/Hor\u00e1rio: quinta-feira \/ 8h \u00e0s 11h40 Professoras Dra. Aracy Ernst e Dra. Luciana Vinhas<\/p>\n","protected":false},"author":253,"featured_media":0,"comment_status":"closed","ping_status":"closed","sticky":false,"template":"","format":"standard","meta":{"jetpack_post_was_ever_published":false,"_jetpack_newsletter_access":"","_jetpack_dont_email_post_to_subs":false,"_jetpack_newsletter_tier_id":0,"_jetpack_memberships_contains_paywalled_content":false,"_jetpack_memberships_contains_paid_content":false,"footnotes":"","jetpack_publicize_message":"","jetpack_publicize_feature_enabled":true,"jetpack_social_post_already_shared":true,"jetpack_social_options":{"image_generator_settings":{"template":"highway","default_image_id":0,"font":"","enabled":false},"version":2}},"categories":[38885],"tags":[],"class_list":["post-3228","post","type-post","status-publish","format-standard","hentry","category-editais"],"jetpack_publicize_connections":[],"jetpack_featured_media_url":"","jetpack_sharing_enabled":true,"jetpack_shortlink":"https:\/\/wp.me\/p8vD3Q-Q4","_links":{"self":[{"href":"https:\/\/wp.ufpel.edu.br\/ppgl\/wp-json\/wp\/v2\/posts\/3228","targetHints":{"allow":["GET"]}}],"collection":[{"href":"https:\/\/wp.ufpel.edu.br\/ppgl\/wp-json\/wp\/v2\/posts"}],"about":[{"href":"https:\/\/wp.ufpel.edu.br\/ppgl\/wp-json\/wp\/v2\/types\/post"}],"author":[{"embeddable":true,"href":"https:\/\/wp.ufpel.edu.br\/ppgl\/wp-json\/wp\/v2\/users\/253"}],"replies":[{"embeddable":true,"href":"https:\/\/wp.ufpel.edu.br\/ppgl\/wp-json\/wp\/v2\/comments?post=3228"}],"version-history":[{"count":1,"href":"https:\/\/wp.ufpel.edu.br\/ppgl\/wp-json\/wp\/v2\/posts\/3228\/revisions"}],"predecessor-version":[{"id":3230,"href":"https:\/\/wp.ufpel.edu.br\/ppgl\/wp-json\/wp\/v2\/posts\/3228\/revisions\/3230"}],"wp:attachment":[{"href":"https:\/\/wp.ufpel.edu.br\/ppgl\/wp-json\/wp\/v2\/media?parent=3228"}],"wp:term":[{"taxonomy":"category","embeddable":true,"href":"https:\/\/wp.ufpel.edu.br\/ppgl\/wp-json\/wp\/v2\/categories?post=3228"},{"taxonomy":"post_tag","embeddable":true,"href":"https:\/\/wp.ufpel.edu.br\/ppgl\/wp-json\/wp\/v2\/tags?post=3228"}],"curies":[{"name":"wp","href":"https:\/\/api.w.org\/{rel}","templated":true}]}}