{"id":1529,"date":"2017-09-26T22:18:40","date_gmt":"2017-09-27T01:18:40","guid":{"rendered":"https:\/\/wp.ufpel.edu.br\/ppgl\/?p=1529"},"modified":"2017-09-29T11:58:21","modified_gmt":"2017-09-29T14:58:21","slug":"i-workshop-em-ultrassonografia-e-estudos-da-fala","status":"publish","type":"post","link":"https:\/\/wp.ufpel.edu.br\/ppgl\/2017\/09\/26\/i-workshop-em-ultrassonografia-e-estudos-da-fala\/","title":{"rendered":"I Workshop em Ultrassonografia e Estudos da Fala"},"content":{"rendered":"<p><span style=\"font-size: 12pt\">O <strong>\u201cI Workshop em Ultrassonografia e Estudos da Fala\u201d<\/strong>, organizado pela Universidade Federal de Santa Catarina e pela Universidade Federal de Pelotas, constitui-se no primeiro evento a ser realizado no Brasil voltado especificamente para a aplica\u00e7\u00e3o da ultrassonografia aos estudos da fala \u2013 t\u00e9cnica inovadora e em expans\u00e3o no pa\u00eds desde 2010. A utiliza\u00e7\u00e3o do ultrassom para a an\u00e1lise de dados lingu\u00edsticos tem evidenciado resultados promissores no que concerne a estudos em (i) aquisi\u00e7\u00e3o de l\u00edngua materna (norma e com desvios); (ii) aquisi\u00e7\u00e3o de l\u00ednguas estrangeiras \u2013 sendo utilizado, inclusive, como apoio a tarefas de instru\u00e7\u00e3o expl\u00edcita; (iii) descri\u00e7\u00e3o e an\u00e1lises de dados do portugu\u00eas; (iv) descri\u00e7\u00e3o e an\u00e1lise de dados vari\u00e1veis e (v) desenvolvimento de terapias de fala. <\/span><\/p>\n<p><span style=\"font-size: 12pt\">O evento ocorre de 08 a 10 de novembro, na UFSC.<\/span><br \/>\n<span style=\"font-size: 12pt\">Outras informa\u00e7\u00f5es e f<\/span><span style=\"font-size: 12pt\">icha de inscri\u00e7\u00e3o<\/span><span style=\"font-size: 12pt\"> <a href=\"https:\/\/wp.ufpel.edu.br\/laboratorioelo\/eventos-e-chamadas\/\">aqui<\/a><\/span><\/p>\n","protected":false},"excerpt":{"rendered":"<p>O \u201cI Workshop em Ultrassonografia e Estudos da Fala\u201d, organizado pela Universidade Federal de Santa Catarina e pela Universidade Federal de Pelotas, constitui-se no primeiro evento a ser realizado no Brasil voltado especificamente para a aplica\u00e7\u00e3o da ultrassonografia aos estudos da fala \u2013 t\u00e9cnica inovadora e em expans\u00e3o no pa\u00eds desde 2010. A utiliza\u00e7\u00e3o do [&hellip;]<\/p>\n","protected":false},"author":253,"featured_media":0,"comment_status":"closed","ping_status":"closed","sticky":false,"template":"","format":"standard","meta":{"jetpack_post_was_ever_published":false,"_jetpack_newsletter_access":"","_jetpack_dont_email_post_to_subs":false,"_jetpack_newsletter_tier_id":0,"_jetpack_memberships_contains_paywalled_content":false,"_jetpack_memberships_contains_paid_content":false,"footnotes":"","jetpack_publicize_message":"","jetpack_publicize_feature_enabled":true,"jetpack_social_post_already_shared":true,"jetpack_social_options":{"image_generator_settings":{"template":"highway","default_image_id":0,"font":"","enabled":false},"version":2}},"categories":[18],"tags":[],"class_list":["post-1529","post","type-post","status-publish","format-standard","hentry","category-sem-categoria"],"jetpack_publicize_connections":[],"jetpack_featured_media_url":"","jetpack_sharing_enabled":true,"jetpack_shortlink":"https:\/\/wp.me\/p8vD3Q-oF","_links":{"self":[{"href":"https:\/\/wp.ufpel.edu.br\/ppgl\/wp-json\/wp\/v2\/posts\/1529","targetHints":{"allow":["GET"]}}],"collection":[{"href":"https:\/\/wp.ufpel.edu.br\/ppgl\/wp-json\/wp\/v2\/posts"}],"about":[{"href":"https:\/\/wp.ufpel.edu.br\/ppgl\/wp-json\/wp\/v2\/types\/post"}],"author":[{"embeddable":true,"href":"https:\/\/wp.ufpel.edu.br\/ppgl\/wp-json\/wp\/v2\/users\/253"}],"replies":[{"embeddable":true,"href":"https:\/\/wp.ufpel.edu.br\/ppgl\/wp-json\/wp\/v2\/comments?post=1529"}],"version-history":[{"count":3,"href":"https:\/\/wp.ufpel.edu.br\/ppgl\/wp-json\/wp\/v2\/posts\/1529\/revisions"}],"predecessor-version":[{"id":1533,"href":"https:\/\/wp.ufpel.edu.br\/ppgl\/wp-json\/wp\/v2\/posts\/1529\/revisions\/1533"}],"wp:attachment":[{"href":"https:\/\/wp.ufpel.edu.br\/ppgl\/wp-json\/wp\/v2\/media?parent=1529"}],"wp:term":[{"taxonomy":"category","embeddable":true,"href":"https:\/\/wp.ufpel.edu.br\/ppgl\/wp-json\/wp\/v2\/categories?post=1529"},{"taxonomy":"post_tag","embeddable":true,"href":"https:\/\/wp.ufpel.edu.br\/ppgl\/wp-json\/wp\/v2\/tags?post=1529"}],"curies":[{"name":"wp","href":"https:\/\/api.w.org\/{rel}","templated":true}]}}