{"id":1511,"date":"2017-09-13T21:29:10","date_gmt":"2017-09-14T00:29:10","guid":{"rendered":"https:\/\/wp.ufpel.edu.br\/ppgl\/?p=1511"},"modified":"2017-09-13T21:29:10","modified_gmt":"2017-09-14T00:29:10","slug":"inscricoes-abertas-3a-jornada-de-estudos-da-linguagem","status":"publish","type":"post","link":"https:\/\/wp.ufpel.edu.br\/ppgl\/2017\/09\/13\/inscricoes-abertas-3a-jornada-de-estudos-da-linguagem\/","title":{"rendered":"INSCRI\u00c7\u00d5ES ABERTAS 3a. Jornada de Estudos da Linguagem"},"content":{"rendered":"<p><a href=\"https:\/\/wp.ufpel.edu.br\/ppgl\/21744536_1446207625498493_269288802_n\/\"><img class=\"alignnone size-medium wp-image-1510\" src=\"https:\/\/wp.ufpel.edu.br\/ppgl\/files\/2017\/09\/21744536_1446207625498493_269288802_n-353x318.jpg\" alt=\"\" width=\"353\" height=\"318\" srcset=\"https:\/\/wp.ufpel.edu.br\/ppgl\/files\/2017\/09\/21744536_1446207625498493_269288802_n-353x318.jpg 353w, https:\/\/wp.ufpel.edu.br\/ppgl\/files\/2017\/09\/21744536_1446207625498493_269288802_n-177x159.jpg 177w, https:\/\/wp.ufpel.edu.br\/ppgl\/files\/2017\/09\/21744536_1446207625498493_269288802_n-768x691.jpg 768w, https:\/\/wp.ufpel.edu.br\/ppgl\/files\/2017\/09\/21744536_1446207625498493_269288802_n.jpg 960w\" sizes=\"(max-width: 353px) 100vw, 353px\" \/><\/a><\/p>\n<p><span style=\"font-size: 10pt\">Visando ao crescimento e ao desenvolvimento do Programa de P\u00f3s\u2011Gradua\u00e7\u00e3o em Letras da UFPel, \u00e1rea de Estudos da Linguagem, est\u00e1 sendo organizada por discentes, em parceria com a Coordena\u00e7\u00e3o do PPGL\/UFPel, a 3\u00aa Jornada de Estudos da Linguagem: As interfaces da Lingu\u00edstica na contemporaneidade, evento que ocorrer\u00e1 de 16 a 20 de outubro de 2017.<\/span><\/p>\n<p><span style=\"font-size: 10pt\">A 3\u00aa JEL busca proporcionar um ambiente de reflex\u00e3o e de aprendizagem aos acad\u00eamicos de Letras da regi\u00e3o. O evento tem como objetivo apresentar \u00e0 comunidade acad\u00eamica trabalhos que est\u00e3o sendo desenvolvidos pelos discentes de p\u00f3s-gradua\u00e7\u00e3o e de gradua\u00e7\u00e3o, assim como atualizar e qualificar profissionais de ensino, pesquisadores, alunos e interessados pelos estudos da linguagem. Voltado para abranger, em especial, os alunos em n\u00edvel de gradua\u00e7\u00e3o, o evento contar\u00e1 com a participa\u00e7\u00e3o de discentes, docentes e convidados.<\/span><\/p>\n<p><span style=\"font-size: 10pt\">As atividades propostas para o evento ser\u00e3o palestras, comunica\u00e7\u00f5es (apresenta\u00e7\u00f5es de trabalho em simp\u00f3sios tem\u00e1ticos) e minicursos.<\/span><\/p>\n<p><span style=\"font-size: 10pt\">Inscri\u00e7\u00f5es e outras informa\u00e7\u00f5es no site do evento: <a href=\"https:\/\/wp.ufpel.edu.br\/jel\/\">https:\/\/wp.ufpel.edu.br\/jel\/<\/a><\/span><\/p>\n","protected":false},"excerpt":{"rendered":"<p>Visando ao crescimento e ao desenvolvimento do Programa de P\u00f3s\u2011Gradua\u00e7\u00e3o em Letras da UFPel, \u00e1rea de Estudos da Linguagem, est\u00e1 sendo organizada por discentes, em parceria com a Coordena\u00e7\u00e3o do PPGL\/UFPel, a 3\u00aa Jornada de Estudos da Linguagem: As interfaces da Lingu\u00edstica na contemporaneidade, evento que ocorrer\u00e1 de 16 a 20 de outubro de 2017. [&hellip;]<\/p>\n","protected":false},"author":253,"featured_media":0,"comment_status":"closed","ping_status":"closed","sticky":false,"template":"","format":"standard","meta":{"jetpack_post_was_ever_published":false,"_jetpack_newsletter_access":"","_jetpack_dont_email_post_to_subs":false,"_jetpack_newsletter_tier_id":0,"_jetpack_memberships_contains_paywalled_content":false,"_jetpack_memberships_contains_paid_content":false,"footnotes":"","jetpack_publicize_message":"","jetpack_publicize_feature_enabled":true,"jetpack_social_post_already_shared":true,"jetpack_social_options":{"image_generator_settings":{"template":"highway","default_image_id":0,"font":"","enabled":false},"version":2}},"categories":[18],"tags":[],"class_list":["post-1511","post","type-post","status-publish","format-standard","hentry","category-sem-categoria"],"jetpack_publicize_connections":[],"jetpack_featured_media_url":"","jetpack_sharing_enabled":true,"jetpack_shortlink":"https:\/\/wp.me\/p8vD3Q-on","_links":{"self":[{"href":"https:\/\/wp.ufpel.edu.br\/ppgl\/wp-json\/wp\/v2\/posts\/1511","targetHints":{"allow":["GET"]}}],"collection":[{"href":"https:\/\/wp.ufpel.edu.br\/ppgl\/wp-json\/wp\/v2\/posts"}],"about":[{"href":"https:\/\/wp.ufpel.edu.br\/ppgl\/wp-json\/wp\/v2\/types\/post"}],"author":[{"embeddable":true,"href":"https:\/\/wp.ufpel.edu.br\/ppgl\/wp-json\/wp\/v2\/users\/253"}],"replies":[{"embeddable":true,"href":"https:\/\/wp.ufpel.edu.br\/ppgl\/wp-json\/wp\/v2\/comments?post=1511"}],"version-history":[{"count":1,"href":"https:\/\/wp.ufpel.edu.br\/ppgl\/wp-json\/wp\/v2\/posts\/1511\/revisions"}],"predecessor-version":[{"id":1513,"href":"https:\/\/wp.ufpel.edu.br\/ppgl\/wp-json\/wp\/v2\/posts\/1511\/revisions\/1513"}],"wp:attachment":[{"href":"https:\/\/wp.ufpel.edu.br\/ppgl\/wp-json\/wp\/v2\/media?parent=1511"}],"wp:term":[{"taxonomy":"category","embeddable":true,"href":"https:\/\/wp.ufpel.edu.br\/ppgl\/wp-json\/wp\/v2\/categories?post=1511"},{"taxonomy":"post_tag","embeddable":true,"href":"https:\/\/wp.ufpel.edu.br\/ppgl\/wp-json\/wp\/v2\/tags?post=1511"}],"curies":[{"name":"wp","href":"https:\/\/api.w.org\/{rel}","templated":true}]}}