{"id":1417,"date":"2017-06-07T15:08:23","date_gmt":"2017-06-07T18:08:23","guid":{"rendered":"https:\/\/wp.ufpel.edu.br\/ppgl\/?p=1417"},"modified":"2017-06-07T15:08:23","modified_gmt":"2017-06-07T18:08:23","slug":"edital-de-selecao-de-bolsista","status":"publish","type":"post","link":"https:\/\/wp.ufpel.edu.br\/ppgl\/2017\/06\/07\/edital-de-selecao-de-bolsista\/","title":{"rendered":"Edital de Sele\u00e7\u00e3o de Bolsista"},"content":{"rendered":"<p><span style=\"font-size: 12pt\">A Coordena\u00e7\u00e3o do PPG Letras torna p\u00fablico o Edital para Sele\u00e7\u00e3o de Bolsista. Poder\u00e3o concorrer a este Edital alunos ingressantes em 2016 regularmente matriculados na \u00e1rea de Estudos da Linguagem. Informa\u00e7\u00f5es\u00a0 detalhadas quanto ao cronograma, sele\u00e7\u00e3o e crit\u00e9rios de avalia\u00e7\u00e3o no link abaixo:<\/span><\/p>\n<p><span style=\"font-size: 12pt\"><a href=\"https:\/\/wp.ufpel.edu.br\/ppgl\/files\/2017\/06\/ppgl_edital_2017-bolsa-capes.pdf\">Edital PPG Letras 04\/2017<\/a><\/span><\/p>\n","protected":false},"excerpt":{"rendered":"<p>A Coordena\u00e7\u00e3o do PPG Letras torna p\u00fablico o Edital para Sele\u00e7\u00e3o de Bolsista. Poder\u00e3o concorrer a este Edital alunos ingressantes em 2016 regularmente matriculados na \u00e1rea de Estudos da Linguagem. Informa\u00e7\u00f5es\u00a0 detalhadas quanto ao cronograma, sele\u00e7\u00e3o e crit\u00e9rios de avalia\u00e7\u00e3o no link abaixo: Edital PPG Letras 04\/2017<\/p>\n","protected":false},"author":253,"featured_media":0,"comment_status":"closed","ping_status":"closed","sticky":false,"template":"","format":"standard","meta":{"jetpack_post_was_ever_published":false,"_jetpack_newsletter_access":"","_jetpack_dont_email_post_to_subs":false,"_jetpack_newsletter_tier_id":0,"_jetpack_memberships_contains_paywalled_content":false,"_jetpack_memberships_contains_paid_content":false,"footnotes":"","jetpack_publicize_message":"","jetpack_publicize_feature_enabled":true,"jetpack_social_post_already_shared":true,"jetpack_social_options":{"image_generator_settings":{"template":"highway","default_image_id":0,"font":"","enabled":false},"version":2}},"categories":[18],"tags":[],"class_list":["post-1417","post","type-post","status-publish","format-standard","hentry","category-sem-categoria"],"jetpack_publicize_connections":[],"jetpack_featured_media_url":"","jetpack_sharing_enabled":true,"jetpack_shortlink":"https:\/\/wp.me\/p8vD3Q-mR","_links":{"self":[{"href":"https:\/\/wp.ufpel.edu.br\/ppgl\/wp-json\/wp\/v2\/posts\/1417","targetHints":{"allow":["GET"]}}],"collection":[{"href":"https:\/\/wp.ufpel.edu.br\/ppgl\/wp-json\/wp\/v2\/posts"}],"about":[{"href":"https:\/\/wp.ufpel.edu.br\/ppgl\/wp-json\/wp\/v2\/types\/post"}],"author":[{"embeddable":true,"href":"https:\/\/wp.ufpel.edu.br\/ppgl\/wp-json\/wp\/v2\/users\/253"}],"replies":[{"embeddable":true,"href":"https:\/\/wp.ufpel.edu.br\/ppgl\/wp-json\/wp\/v2\/comments?post=1417"}],"version-history":[{"count":1,"href":"https:\/\/wp.ufpel.edu.br\/ppgl\/wp-json\/wp\/v2\/posts\/1417\/revisions"}],"predecessor-version":[{"id":1421,"href":"https:\/\/wp.ufpel.edu.br\/ppgl\/wp-json\/wp\/v2\/posts\/1417\/revisions\/1421"}],"wp:attachment":[{"href":"https:\/\/wp.ufpel.edu.br\/ppgl\/wp-json\/wp\/v2\/media?parent=1417"}],"wp:term":[{"taxonomy":"category","embeddable":true,"href":"https:\/\/wp.ufpel.edu.br\/ppgl\/wp-json\/wp\/v2\/categories?post=1417"},{"taxonomy":"post_tag","embeddable":true,"href":"https:\/\/wp.ufpel.edu.br\/ppgl\/wp-json\/wp\/v2\/tags?post=1417"}],"curies":[{"name":"wp","href":"https:\/\/api.w.org\/{rel}","templated":true}]}}