{"id":1179,"date":"2017-02-24T13:28:25","date_gmt":"2017-02-24T16:28:25","guid":{"rendered":"https:\/\/wp.ufpel.edu.br\/ppgl\/?p=1179"},"modified":"2017-02-24T13:30:00","modified_gmt":"2017-02-24T16:30:00","slug":"resultado-edital-0012017-bolsas-capes","status":"publish","type":"post","link":"https:\/\/wp.ufpel.edu.br\/ppgl\/2017\/02\/24\/resultado-edital-0012017-bolsas-capes\/","title":{"rendered":"RESULTADO EDITAL 001-2017 &#8211; BOLSAS CAPES"},"content":{"rendered":"<p><!--more--><\/p>\n<p>Finalizado o processo de avalia\u00e7\u00e3o das submiss\u00f5es de propostas ao Edital 001\/2017, que trata sobre a concess\u00e3o de bolsas de Demanda Social CAPES. O resultado est\u00e1 publicado, por ordem de classifica\u00e7\u00e3o, considerando-se as duas \u00e1reas de concentra\u00e7\u00e3o do Programa. Ser\u00e3o distribu\u00eddas 02 bolsas para a \u00e1rea de Estudos da Linguagem e 02 bolsas para a \u00e1rea de Literatura Comparada.<\/p>\n<p><strong><span style=\"color: #993300\">\u00c1rea de Estudos da Linguagem<\/span><\/strong><\/p>\n<ol>\n<li><strong>Gilson Ramos Lopes Neto (bolsa concedida)<\/strong><\/li>\n<li><strong>Renan Castro Ferreira (bolsa concedida)<\/strong><\/li>\n<li>Thais Rejes Marques<\/li>\n<li>Clarice Regina Cabral<\/li>\n<li>Angela Kolesny<\/li>\n<li>Laura Freitas Filoda<\/li>\n<\/ol>\n<p><strong><span style=\"color: #993300\">\u00c1rea de Literatura Comparada<\/span><\/strong><\/p>\n<ol>\n<li><strong>Otavio Rosa Botelho (bolsa concedida)<\/strong><\/li>\n<li><strong>Fyama da Silva Medeiros (bolsa concedida)<\/strong><\/li>\n<li>Isadora Nu\u00f1ez de Mattos<\/li>\n<\/ol>\n<p>Conforme itens 6 e 7 do Edital 001\/2017, &#8220;informa\u00e7\u00e3o sobre a pontua\u00e7\u00e3o do candidato poder\u00e1 ser obtida na secretaria do Programa, por meio do e-mail ppgl.ufpel@gmail.com&#8221;. Ainda,&#8221;\u00a0recurso ao resultado deve ser encaminhado por escrito para a Comiss\u00e3o de Bolsas no prazo de at\u00e9 24 horas contadas a partir da divulga\u00e7\u00e3o dos resultados.\u00a0A an\u00e1lise dos recursos ser\u00e1 feita pela Comiss\u00e3o de Bolsas, levando em conta a aplica\u00e7\u00e3o dos crit\u00e9rios dispostos no\u00a0Edital.&#8221;<\/p>\n<p>&nbsp;<\/p>\n","protected":false},"excerpt":{"rendered":"","protected":false},"author":253,"featured_media":0,"comment_status":"closed","ping_status":"closed","sticky":false,"template":"","format":"standard","meta":{"jetpack_post_was_ever_published":false,"_jetpack_newsletter_access":"","_jetpack_dont_email_post_to_subs":false,"_jetpack_newsletter_tier_id":0,"_jetpack_memberships_contains_paywalled_content":false,"_jetpack_memberships_contains_paid_content":false,"footnotes":"","jetpack_publicize_message":"","jetpack_publicize_feature_enabled":true,"jetpack_social_post_already_shared":false,"jetpack_social_options":{"image_generator_settings":{"template":"highway","default_image_id":0,"font":"","enabled":false},"version":2}},"categories":[18],"tags":[],"class_list":["post-1179","post","type-post","status-publish","format-standard","hentry","category-sem-categoria"],"jetpack_publicize_connections":[],"jetpack_featured_media_url":"","jetpack_sharing_enabled":true,"jetpack_shortlink":"https:\/\/wp.me\/p8vD3Q-j1","_links":{"self":[{"href":"https:\/\/wp.ufpel.edu.br\/ppgl\/wp-json\/wp\/v2\/posts\/1179","targetHints":{"allow":["GET"]}}],"collection":[{"href":"https:\/\/wp.ufpel.edu.br\/ppgl\/wp-json\/wp\/v2\/posts"}],"about":[{"href":"https:\/\/wp.ufpel.edu.br\/ppgl\/wp-json\/wp\/v2\/types\/post"}],"author":[{"embeddable":true,"href":"https:\/\/wp.ufpel.edu.br\/ppgl\/wp-json\/wp\/v2\/users\/253"}],"replies":[{"embeddable":true,"href":"https:\/\/wp.ufpel.edu.br\/ppgl\/wp-json\/wp\/v2\/comments?post=1179"}],"version-history":[{"count":2,"href":"https:\/\/wp.ufpel.edu.br\/ppgl\/wp-json\/wp\/v2\/posts\/1179\/revisions"}],"predecessor-version":[{"id":1182,"href":"https:\/\/wp.ufpel.edu.br\/ppgl\/wp-json\/wp\/v2\/posts\/1179\/revisions\/1182"}],"wp:attachment":[{"href":"https:\/\/wp.ufpel.edu.br\/ppgl\/wp-json\/wp\/v2\/media?parent=1179"}],"wp:term":[{"taxonomy":"category","embeddable":true,"href":"https:\/\/wp.ufpel.edu.br\/ppgl\/wp-json\/wp\/v2\/categories?post=1179"},{"taxonomy":"post_tag","embeddable":true,"href":"https:\/\/wp.ufpel.edu.br\/ppgl\/wp-json\/wp\/v2\/tags?post=1179"}],"curies":[{"name":"wp","href":"https:\/\/api.w.org\/{rel}","templated":true}]}}