{"id":397,"date":"2016-11-17T14:49:22","date_gmt":"2016-11-17T16:49:22","guid":{"rendered":"https:\/\/wp.ufpel.edu.br\/ppgh\/?p=397"},"modified":"2016-11-17T14:49:22","modified_gmt":"2016-11-17T16:49:22","slug":"local-arguicao-selecao-2017","status":"publish","type":"post","link":"https:\/\/wp.ufpel.edu.br\/ppgh\/2016\/11\/17\/local-arguicao-selecao-2017\/","title":{"rendered":"Local Argui\u00e7\u00e3o-Sele\u00e7\u00e3o 2017"},"content":{"rendered":"<p>A argui\u00e7\u00e3o ocorrer\u00e1 na sala 103, do Pr\u00e9dio do Instituto de Ci\u00eancias Humanas, localizado na\u00a0Rua Cel. Alberto Rosa, 154 \u00a0no Centro de Pelotas.<\/p>\n<p>O primeiro grupo (das 8h \u00e0s\u00a012h) ser\u00e1 composto pelos candidatos com inscri\u00e7\u00f5es de 01 a 16. Do segundo grupo (a partir das 13h30min) constam os candidatos com inscri\u00e7\u00f5es entre 17 e 34.A argui\u00e7\u00e3o ocorrer\u00e1 por ordem crescente do n\u00famero de inscri\u00e7\u00e3o do candidato.<\/p>\n","protected":false},"excerpt":{"rendered":"<p>A argui\u00e7\u00e3o ocorrer\u00e1 na sala 103, do Pr\u00e9dio do Instituto de Ci\u00eancias Humanas, localizado na\u00a0Rua Cel. Alberto Rosa, 154 \u00a0no Centro de Pelotas. O primeiro grupo (das 8h \u00e0s\u00a012h) ser\u00e1 composto pelos candidatos com inscri\u00e7\u00f5es de 01 a 16. Do segundo grupo (a partir das 13h30min) constam os candidatos com inscri\u00e7\u00f5es entre 17 e 34.A [&hellip;]<\/p>\n","protected":false},"author":57,"featured_media":0,"comment_status":"closed","ping_status":"closed","sticky":false,"template":"","format":"standard","meta":{"footnotes":""},"categories":[1],"tags":[],"class_list":["post-397","post","type-post","status-publish","format-standard","hentry","category-noticias"],"jetpack_featured_media_url":"","_links":{"self":[{"href":"https:\/\/wp.ufpel.edu.br\/ppgh\/wp-json\/wp\/v2\/posts\/397","targetHints":{"allow":["GET"]}}],"collection":[{"href":"https:\/\/wp.ufpel.edu.br\/ppgh\/wp-json\/wp\/v2\/posts"}],"about":[{"href":"https:\/\/wp.ufpel.edu.br\/ppgh\/wp-json\/wp\/v2\/types\/post"}],"author":[{"embeddable":true,"href":"https:\/\/wp.ufpel.edu.br\/ppgh\/wp-json\/wp\/v2\/users\/57"}],"replies":[{"embeddable":true,"href":"https:\/\/wp.ufpel.edu.br\/ppgh\/wp-json\/wp\/v2\/comments?post=397"}],"version-history":[{"count":1,"href":"https:\/\/wp.ufpel.edu.br\/ppgh\/wp-json\/wp\/v2\/posts\/397\/revisions"}],"predecessor-version":[{"id":399,"href":"https:\/\/wp.ufpel.edu.br\/ppgh\/wp-json\/wp\/v2\/posts\/397\/revisions\/399"}],"wp:attachment":[{"href":"https:\/\/wp.ufpel.edu.br\/ppgh\/wp-json\/wp\/v2\/media?parent=397"}],"wp:term":[{"taxonomy":"category","embeddable":true,"href":"https:\/\/wp.ufpel.edu.br\/ppgh\/wp-json\/wp\/v2\/categories?post=397"},{"taxonomy":"post_tag","embeddable":true,"href":"https:\/\/wp.ufpel.edu.br\/ppgh\/wp-json\/wp\/v2\/tags?post=397"}],"curies":[{"name":"wp","href":"https:\/\/api.w.org\/{rel}","templated":true}]}}