{"id":3683,"date":"2026-03-27T18:18:59","date_gmt":"2026-03-27T21:18:59","guid":{"rendered":"https:\/\/wp.ufpel.edu.br\/ppgfil\/?p=3683"},"modified":"2026-04-15T12:31:40","modified_gmt":"2026-04-15T15:31:40","slug":"edital-complementar-para-alunos-regulares-doutorado-em-filosofia","status":"publish","type":"post","link":"https:\/\/wp.ufpel.edu.br\/ppgfil\/2026\/03\/27\/edital-complementar-para-alunos-regulares-doutorado-em-filosofia\/","title":{"rendered":"Edital Complementar para Alunos Regulares &#8211; Doutorado em Filosofia"},"content":{"rendered":"<p>O <strong>Programa de P\u00f3s-Gradua\u00e7\u00e3o em Filosofia<\/strong>\u00a0informa que as inscri\u00e7\u00f5es para a <strong>Sele\u00e7\u00e3o Complementar de Alunos Regulares do Curso de Doutorado <\/strong>estar\u00e3o abertas no per\u00edodo de <strong>30 de mar\u00e7o a 05 de abril de 2026 <span style=\"color: #ff0000;\">(Inscri\u00e7\u00f5es encerradas)<\/span><\/strong>. Para efeitos deste edital ser\u00e3o selecionados at\u00e9 10 candidatos e as\u00a0inscri\u00e7\u00f5es devem ser realizadas exclusivamente por meio do <strong>formul\u00e1rio eletr\u00f4nico dispon\u00edvel no edital<\/strong>.<\/p>\n<h3>Informa\u00e7\u00f5es e contato<\/h3>\n<p>Consulte o <strong>edital completo<\/strong> para orienta\u00e7\u00f5es detalhadas sobre requisitos, crit\u00e9rios de sele\u00e7\u00e3o e o link para o formul\u00e1rio eletr\u00f4nico. Para esclarecimentos, entre em contato pelo e\u2011mail: <strong>ppgfilosofiaufpel@gmail.com<\/strong>.<\/p>\n<p><a href=\"https:\/\/wp.ufpel.edu.br\/ppgfil\/files\/2026\/03\/SEI_3754974_Edital_de_selecao_PRPPG_46.pdf\">CONSULTE AQUI O EDITAL<\/a><\/p>\n<p><a href=\"https:\/\/wp.ufpel.edu.br\/ppgfil\/files\/2026\/03\/SEI_3774050_Comunicado_4.pdf\">CANDIDATURAS HOMOLOGADAS<\/a><\/p>\n<p><a href=\"https:\/\/wp.ufpel.edu.br\/ppgfil\/files\/2026\/03\/EDITAL-No-46_2026-Analise-de-Anteprojetos.pdf\">RESULTADO DA AN\u00c1LISE DOS ANTEPROJETOS<\/a><\/p>\n<p><a href=\"https:\/\/wp.ufpel.edu.br\/ppgfil\/files\/2026\/03\/EDITAL-No-46_2026-Arguicoes.pdf\">HOR\u00c1RIOS DAS ARGUI\u00c7\u00d5ES (13\/04\/2026)<\/a><\/p>\n<p><a href=\"https:\/\/wp.ufpel.edu.br\/ppgfil\/files\/2026\/03\/EDITAL-No-46_2026-RESULTADO-PRELIMINAR.pdf\">RESULTADO PRELIMINAR<\/a><\/p>\n<p><a href=\"https:\/\/wp.ufpel.edu.br\/ppgfil\/files\/2026\/03\/EDITAL-No-46_2026-RESULTADO-FINAL.pdf\">RESULTADO FINAL<\/a><\/p>\n","protected":false},"excerpt":{"rendered":"<p>O Programa de P\u00f3s-Gradua\u00e7\u00e3o em Filosofia\u00a0informa que as inscri\u00e7\u00f5es para a Sele\u00e7\u00e3o Complementar de Alunos Regulares do Curso de Doutorado estar\u00e3o abertas no per\u00edodo de 30 de mar\u00e7o a 05 de abril de 2026 (Inscri\u00e7\u00f5es encerradas). Para efeitos deste edital ser\u00e3o selecionados at\u00e9 10 candidatos e as\u00a0inscri\u00e7\u00f5es devem ser realizadas exclusivamente por meio do formul\u00e1rio [&hellip;]<\/p>\n","protected":false},"author":16,"featured_media":0,"comment_status":"closed","ping_status":"closed","sticky":true,"template":"","format":"standard","meta":{"jetpack_post_was_ever_published":false,"_jetpack_newsletter_access":"","_jetpack_dont_email_post_to_subs":false,"_jetpack_newsletter_tier_id":0,"_jetpack_memberships_contains_paywalled_content":false,"_jetpack_memberships_contains_paid_content":false,"footnotes":""},"categories":[1],"tags":[],"class_list":["post-3683","post","type-post","status-publish","format-standard","hentry","category-noticias"],"jetpack_featured_media_url":"","jetpack_sharing_enabled":true,"_links":{"self":[{"href":"https:\/\/wp.ufpel.edu.br\/ppgfil\/wp-json\/wp\/v2\/posts\/3683","targetHints":{"allow":["GET"]}}],"collection":[{"href":"https:\/\/wp.ufpel.edu.br\/ppgfil\/wp-json\/wp\/v2\/posts"}],"about":[{"href":"https:\/\/wp.ufpel.edu.br\/ppgfil\/wp-json\/wp\/v2\/types\/post"}],"author":[{"embeddable":true,"href":"https:\/\/wp.ufpel.edu.br\/ppgfil\/wp-json\/wp\/v2\/users\/16"}],"replies":[{"embeddable":true,"href":"https:\/\/wp.ufpel.edu.br\/ppgfil\/wp-json\/wp\/v2\/comments?post=3683"}],"version-history":[{"count":4,"href":"https:\/\/wp.ufpel.edu.br\/ppgfil\/wp-json\/wp\/v2\/posts\/3683\/revisions"}],"predecessor-version":[{"id":3711,"href":"https:\/\/wp.ufpel.edu.br\/ppgfil\/wp-json\/wp\/v2\/posts\/3683\/revisions\/3711"}],"wp:attachment":[{"href":"https:\/\/wp.ufpel.edu.br\/ppgfil\/wp-json\/wp\/v2\/media?parent=3683"}],"wp:term":[{"taxonomy":"category","embeddable":true,"href":"https:\/\/wp.ufpel.edu.br\/ppgfil\/wp-json\/wp\/v2\/categories?post=3683"},{"taxonomy":"post_tag","embeddable":true,"href":"https:\/\/wp.ufpel.edu.br\/ppgfil\/wp-json\/wp\/v2\/tags?post=3683"}],"curies":[{"name":"wp","href":"https:\/\/api.w.org\/{rel}","templated":true}]}}