{"id":3679,"date":"2026-03-27T16:14:53","date_gmt":"2026-03-27T19:14:53","guid":{"rendered":"https:\/\/wp.ufpel.edu.br\/ppgfil\/?p=3679"},"modified":"2026-03-27T16:15:47","modified_gmt":"2026-03-27T19:15:47","slug":"boas-vindas-aos-novos-docentes-permanentes","status":"publish","type":"post","link":"https:\/\/wp.ufpel.edu.br\/ppgfil\/2026\/03\/27\/boas-vindas-aos-novos-docentes-permanentes\/","title":{"rendered":"Boas\u2011vindas aos novos docentes permanentes"},"content":{"rendered":"<p>O <strong>Programa de P\u00f3s-Gradua\u00e7\u00e3o em Filosofia<\/strong>\u00a0d\u00e1 as boas\u2011vindas aos <strong>novos docentes permanentes<\/strong> (Chamada P\u00fablica 01\/2026). Celebramos a chegada de colegas que passam a integrar nosso corpo docente e a contribuir com ensino, pesquisa, extens\u00e3o e orienta\u00e7\u00e3o.<\/p>\n<ul>\n<li><strong>Adriano Andr\u00e9 Maslowski<\/strong><\/li>\n<li><strong>Alexandre Henrique dos Reis<\/strong><\/li>\n<li><strong>Eduardo Ferreira das Neves Filho<\/strong><\/li>\n<li><strong>Fl\u00e1via Braga de Azambuja<\/strong><\/li>\n<li><strong>Fl\u00e1via Carvalho Chagas<\/strong><\/li>\n<li><strong>Renata Azevedo Requi\u00e3o<\/strong><\/li>\n<\/ul>\n<p>Os novos docentes ir\u00e3o enriquecer ainda mais o di\u00e1logo interdisciplinar e ampliar as oportunidades de colabora\u00e7\u00e3o. Convidamos docentes, discentes e t\u00e9cnicos a receberem calorosamente os novos colegas, a conhecerem suas \u00e1reas de atua\u00e7\u00e3o e a buscarem oportunidades de coopera\u00e7\u00e3o. As informa\u00e7\u00f5es sobre perfis j\u00e1 est\u00e3o dispon\u00edveis na aba &#8220;Corpo Docente&#8221;.<\/p>\n<p><strong>Contato e informa\u00e7\u00f5es<\/strong><br \/>\nPara mais informa\u00e7\u00f5es, acompanhe as comunica\u00e7\u00f5es oficiais do PPGFIL e consulte o site do programa ou o e\u2011mail <strong>ppgfilosofiaufpel@gmail.com<\/strong>.<\/p>\n<p>Sejam muito bem\u2011vindos ao PPGFIL\/UFPel \u2014 desejamos sucesso e muitas contribui\u00e7\u00f5es frut\u00edferas \u00e0 nossa comunidade acad\u00eamica.<\/p>\n","protected":false},"excerpt":{"rendered":"<p>O Programa de P\u00f3s-Gradua\u00e7\u00e3o em Filosofia\u00a0d\u00e1 as boas\u2011vindas aos novos docentes permanentes (Chamada P\u00fablica 01\/2026). Celebramos a chegada de colegas que passam a integrar nosso corpo docente e a contribuir com ensino, pesquisa, extens\u00e3o e orienta\u00e7\u00e3o. Adriano Andr\u00e9 Maslowski Alexandre Henrique dos Reis Eduardo Ferreira das Neves Filho Fl\u00e1via Braga de Azambuja Fl\u00e1via Carvalho Chagas [&hellip;]<\/p>\n","protected":false},"author":16,"featured_media":0,"comment_status":"closed","ping_status":"closed","sticky":false,"template":"","format":"standard","meta":{"jetpack_post_was_ever_published":false,"_jetpack_newsletter_access":"","_jetpack_dont_email_post_to_subs":false,"_jetpack_newsletter_tier_id":0,"_jetpack_memberships_contains_paywalled_content":false,"_jetpack_memberships_contains_paid_content":false,"footnotes":""},"categories":[1],"tags":[],"class_list":["post-3679","post","type-post","status-publish","format-standard","hentry","category-noticias"],"jetpack_featured_media_url":"","jetpack_sharing_enabled":true,"_links":{"self":[{"href":"https:\/\/wp.ufpel.edu.br\/ppgfil\/wp-json\/wp\/v2\/posts\/3679","targetHints":{"allow":["GET"]}}],"collection":[{"href":"https:\/\/wp.ufpel.edu.br\/ppgfil\/wp-json\/wp\/v2\/posts"}],"about":[{"href":"https:\/\/wp.ufpel.edu.br\/ppgfil\/wp-json\/wp\/v2\/types\/post"}],"author":[{"embeddable":true,"href":"https:\/\/wp.ufpel.edu.br\/ppgfil\/wp-json\/wp\/v2\/users\/16"}],"replies":[{"embeddable":true,"href":"https:\/\/wp.ufpel.edu.br\/ppgfil\/wp-json\/wp\/v2\/comments?post=3679"}],"version-history":[{"count":2,"href":"https:\/\/wp.ufpel.edu.br\/ppgfil\/wp-json\/wp\/v2\/posts\/3679\/revisions"}],"predecessor-version":[{"id":3682,"href":"https:\/\/wp.ufpel.edu.br\/ppgfil\/wp-json\/wp\/v2\/posts\/3679\/revisions\/3682"}],"wp:attachment":[{"href":"https:\/\/wp.ufpel.edu.br\/ppgfil\/wp-json\/wp\/v2\/media?parent=3679"}],"wp:term":[{"taxonomy":"category","embeddable":true,"href":"https:\/\/wp.ufpel.edu.br\/ppgfil\/wp-json\/wp\/v2\/categories?post=3679"},{"taxonomy":"post_tag","embeddable":true,"href":"https:\/\/wp.ufpel.edu.br\/ppgfil\/wp-json\/wp\/v2\/tags?post=3679"}],"curies":[{"name":"wp","href":"https:\/\/api.w.org\/{rel}","templated":true}]}}