{"id":3665,"date":"2026-03-23T10:00:35","date_gmt":"2026-03-23T13:00:35","guid":{"rendered":"https:\/\/wp.ufpel.edu.br\/ppgfil\/?p=3665"},"modified":"2026-03-23T14:05:57","modified_gmt":"2026-03-23T17:05:57","slug":"inscricoes-para-alunos-especiais-22-a-27-de-marco-de-2026","status":"publish","type":"post","link":"https:\/\/wp.ufpel.edu.br\/ppgfil\/2026\/03\/23\/inscricoes-para-alunos-especiais-22-a-27-de-marco-de-2026\/","title":{"rendered":"Inscri\u00e7\u00f5es para Alunos Especiais (22 a 27 de mar\u00e7o de 2026)"},"content":{"rendered":"<p>O <strong>Programa de P\u00f3s-Gradua\u00e7\u00e3o em Filosofia<\/strong>\u00a0informa que est\u00e3o abertas as <strong>inscri\u00e7\u00f5es para alunos especiais<\/strong> no per\u00edodo <strong>22 a 27 de mar\u00e7o de 2026<\/strong>. Podem se inscrever graduados e prov\u00e1veis formandos interessados em cursar disciplinas isoladas do Programa. A sele\u00e7\u00e3o seguir\u00e1 os crit\u00e9rios do Programa, conforme o Edital abaixo. Para mais informa\u00e7\u00f5es e orienta\u00e7\u00f5es sobre documenta\u00e7\u00e3o, entre em contato pelo e\u2011mail ppgfilosofiaufpel@gmail.com.<\/p>\n<p><a href=\"https:\/\/wp.ufpel.edu.br\/ppgfil\/files\/2026\/03\/SEI_3738670_Edital_de_selecao_PRPPG_44-2-1.pdf\">EDITAL ALUNO ESPECIAL 2026\/01<\/a><\/p>\n<p><a href=\"https:\/\/forms.gle\/kH8AbSxV4etDqXpE9\">FORMUL\u00c1RIO PARA INSCRI\u00c7\u00d5ES<\/a><\/p>\n<p><a href=\"https:\/\/pagtesouro.tesouro.gov.br\/portal-gru\/#\/emissao-gru\">Link para GRU (caso o link n\u00e3o\u00a0 abra)<\/a><\/p>\n","protected":false},"excerpt":{"rendered":"<p>O Programa de P\u00f3s-Gradua\u00e7\u00e3o em Filosofia\u00a0informa que est\u00e3o abertas as inscri\u00e7\u00f5es para alunos especiais no per\u00edodo 22 a 27 de mar\u00e7o de 2026. Podem se inscrever graduados e prov\u00e1veis formandos interessados em cursar disciplinas isoladas do Programa. A sele\u00e7\u00e3o seguir\u00e1 os crit\u00e9rios do Programa, conforme o Edital abaixo. Para mais informa\u00e7\u00f5es e orienta\u00e7\u00f5es sobre documenta\u00e7\u00e3o, [&hellip;]<\/p>\n","protected":false},"author":16,"featured_media":0,"comment_status":"closed","ping_status":"closed","sticky":false,"template":"","format":"standard","meta":{"jetpack_post_was_ever_published":false,"_jetpack_newsletter_access":"","_jetpack_dont_email_post_to_subs":false,"_jetpack_newsletter_tier_id":0,"_jetpack_memberships_contains_paywalled_content":false,"_jetpack_memberships_contains_paid_content":false,"footnotes":""},"categories":[1],"tags":[],"class_list":["post-3665","post","type-post","status-publish","format-standard","hentry","category-noticias"],"jetpack_featured_media_url":"","jetpack_sharing_enabled":true,"_links":{"self":[{"href":"https:\/\/wp.ufpel.edu.br\/ppgfil\/wp-json\/wp\/v2\/posts\/3665","targetHints":{"allow":["GET"]}}],"collection":[{"href":"https:\/\/wp.ufpel.edu.br\/ppgfil\/wp-json\/wp\/v2\/posts"}],"about":[{"href":"https:\/\/wp.ufpel.edu.br\/ppgfil\/wp-json\/wp\/v2\/types\/post"}],"author":[{"embeddable":true,"href":"https:\/\/wp.ufpel.edu.br\/ppgfil\/wp-json\/wp\/v2\/users\/16"}],"replies":[{"embeddable":true,"href":"https:\/\/wp.ufpel.edu.br\/ppgfil\/wp-json\/wp\/v2\/comments?post=3665"}],"version-history":[{"count":3,"href":"https:\/\/wp.ufpel.edu.br\/ppgfil\/wp-json\/wp\/v2\/posts\/3665\/revisions"}],"predecessor-version":[{"id":3673,"href":"https:\/\/wp.ufpel.edu.br\/ppgfil\/wp-json\/wp\/v2\/posts\/3665\/revisions\/3673"}],"wp:attachment":[{"href":"https:\/\/wp.ufpel.edu.br\/ppgfil\/wp-json\/wp\/v2\/media?parent=3665"}],"wp:term":[{"taxonomy":"category","embeddable":true,"href":"https:\/\/wp.ufpel.edu.br\/ppgfil\/wp-json\/wp\/v2\/categories?post=3665"},{"taxonomy":"post_tag","embeddable":true,"href":"https:\/\/wp.ufpel.edu.br\/ppgfil\/wp-json\/wp\/v2\/tags?post=3665"}],"curies":[{"name":"wp","href":"https:\/\/api.w.org\/{rel}","templated":true}]}}