{"id":3471,"date":"2025-11-02T09:42:20","date_gmt":"2025-11-02T12:42:20","guid":{"rendered":"https:\/\/wp.ufpel.edu.br\/ppgfil\/?p=3471"},"modified":"2025-11-02T09:42:20","modified_gmt":"2025-11-02T12:42:20","slug":"ix-congresso-internacional-ppg-filosofia","status":"publish","type":"post","link":"https:\/\/wp.ufpel.edu.br\/ppgfil\/2025\/11\/02\/ix-congresso-internacional-ppg-filosofia\/","title":{"rendered":"IX Congresso Internacional &#8211; PPG Filosofia"},"content":{"rendered":"<p>Na pr\u00f3xima semana, ocorre o IX Congresso Internacional de Filosofia Moral e Pol\u00edtica<\/p>\n<p>Confira a programa\u00e7\u00e3o do evento: <a href=\"https:\/\/wp.ufpel.edu.br\/cifmp\/\">https:\/\/wp.ufpel.edu.br\/cifmp\/<\/a><\/p>\n<p><img src=\"https:\/\/ccs2.ufpel.edu.br\/wp\/wp-content\/uploads\/2025\/10\/congresso_fil.jpg\" width=\"576\" height=\"820\" \/><\/p>\n","protected":false},"excerpt":{"rendered":"<p>Na pr\u00f3xima semana, ocorre o IX Congresso Internacional de Filosofia Moral e Pol\u00edtica Confira a programa\u00e7\u00e3o do evento: https:\/\/wp.ufpel.edu.br\/cifmp\/<\/p>\n","protected":false},"author":16,"featured_media":0,"comment_status":"closed","ping_status":"closed","sticky":false,"template":"","format":"standard","meta":{"jetpack_post_was_ever_published":false,"_jetpack_newsletter_access":"","_jetpack_dont_email_post_to_subs":false,"_jetpack_newsletter_tier_id":0,"_jetpack_memberships_contains_paywalled_content":false,"_jetpack_memberships_contains_paid_content":false,"footnotes":""},"categories":[1],"tags":[],"class_list":["post-3471","post","type-post","status-publish","format-standard","hentry","category-noticias"],"jetpack_featured_media_url":"","jetpack_sharing_enabled":true,"_links":{"self":[{"href":"https:\/\/wp.ufpel.edu.br\/ppgfil\/wp-json\/wp\/v2\/posts\/3471","targetHints":{"allow":["GET"]}}],"collection":[{"href":"https:\/\/wp.ufpel.edu.br\/ppgfil\/wp-json\/wp\/v2\/posts"}],"about":[{"href":"https:\/\/wp.ufpel.edu.br\/ppgfil\/wp-json\/wp\/v2\/types\/post"}],"author":[{"embeddable":true,"href":"https:\/\/wp.ufpel.edu.br\/ppgfil\/wp-json\/wp\/v2\/users\/16"}],"replies":[{"embeddable":true,"href":"https:\/\/wp.ufpel.edu.br\/ppgfil\/wp-json\/wp\/v2\/comments?post=3471"}],"version-history":[{"count":1,"href":"https:\/\/wp.ufpel.edu.br\/ppgfil\/wp-json\/wp\/v2\/posts\/3471\/revisions"}],"predecessor-version":[{"id":3473,"href":"https:\/\/wp.ufpel.edu.br\/ppgfil\/wp-json\/wp\/v2\/posts\/3471\/revisions\/3473"}],"wp:attachment":[{"href":"https:\/\/wp.ufpel.edu.br\/ppgfil\/wp-json\/wp\/v2\/media?parent=3471"}],"wp:term":[{"taxonomy":"category","embeddable":true,"href":"https:\/\/wp.ufpel.edu.br\/ppgfil\/wp-json\/wp\/v2\/categories?post=3471"},{"taxonomy":"post_tag","embeddable":true,"href":"https:\/\/wp.ufpel.edu.br\/ppgfil\/wp-json\/wp\/v2\/tags?post=3471"}],"curies":[{"name":"wp","href":"https:\/\/api.w.org\/{rel}","templated":true}]}}