{"id":2490,"date":"2024-04-01T18:20:02","date_gmt":"2024-04-01T21:20:02","guid":{"rendered":"https:\/\/wp.ufpel.edu.br\/ppgfil\/?p=2490"},"modified":"2024-05-20T17:19:38","modified_gmt":"2024-05-20T20:19:38","slug":"i-forum-filosofico-do-ppgfil-de-29-a-30-de-abril-de-2024","status":"publish","type":"post","link":"https:\/\/wp.ufpel.edu.br\/ppgfil\/2024\/04\/01\/i-forum-filosofico-do-ppgfil-de-29-a-30-de-abril-de-2024\/","title":{"rendered":"I F\u00f3rum Filos\u00f3fico do PPGFIL, de 29 a 30 de abril de 2024"},"content":{"rendered":"<p>Convidamos para o I F\u00f3rum Filos\u00f3fico, evento discente interno do Programa de P\u00f3s-Gradua\u00e7\u00e3o em Filosofia\u00a0 da UFPEL, conforme programa\u00e7\u00e3o abaixo:<\/p>\n<p><a href=\"https:\/\/wp.ufpel.edu.br\/ppgfil\/files\/2024\/04\/2024_I-FORUM-FILOSOFICO_Programa-Atualizado.pdf\">2024_I F\u00d3RUM FILOS\u00d3FICO_Programa Atualizado<\/a><\/p>\n<p>A chamada para submiss\u00f5es est\u00e1 dispon\u00edvel em: <a href=\"https:\/\/wp.ufpel.edu.br\/ppgfil\/files\/2024\/04\/I-FORUM-FILOSOFICO_Chamada-para-submissoes-.pdf\">I F\u00d3RUM FILOS\u00d3FICO_Chamada para submiss\u00f5es<\/a><\/p>\n<p><a href=\"https:\/\/wp.ufpel.edu.br\/ppgfil\/files\/2024\/04\/I-Forum-Filosofico.jpg\"><img class=\"alignnone size-medium wp-image-2493\" src=\"https:\/\/wp.ufpel.edu.br\/ppgfil\/files\/2024\/04\/I-Forum-Filosofico-400x400.jpg\" alt=\"\" width=\"400\" height=\"400\" srcset=\"https:\/\/wp.ufpel.edu.br\/ppgfil\/files\/2024\/04\/I-Forum-Filosofico-400x400.jpg 400w, https:\/\/wp.ufpel.edu.br\/ppgfil\/files\/2024\/04\/I-Forum-Filosofico-200x200.jpg 200w, https:\/\/wp.ufpel.edu.br\/ppgfil\/files\/2024\/04\/I-Forum-Filosofico-768x768.jpg 768w, https:\/\/wp.ufpel.edu.br\/ppgfil\/files\/2024\/04\/I-Forum-Filosofico.jpg 1024w\" sizes=\"(max-width: 400px) 100vw, 400px\" \/><\/a><\/p>\n","protected":false},"excerpt":{"rendered":"<p>Convidamos para o I F\u00f3rum Filos\u00f3fico, evento discente interno do Programa de P\u00f3s-Gradua\u00e7\u00e3o em Filosofia\u00a0 da UFPEL, conforme programa\u00e7\u00e3o abaixo: 2024_I F\u00d3RUM FILOS\u00d3FICO_Programa Atualizado A chamada para submiss\u00f5es est\u00e1 dispon\u00edvel em: I F\u00d3RUM FILOS\u00d3FICO_Chamada para submiss\u00f5es<\/p>\n","protected":false},"author":16,"featured_media":0,"comment_status":"closed","ping_status":"closed","sticky":false,"template":"","format":"standard","meta":{"jetpack_post_was_ever_published":false,"_jetpack_newsletter_access":"","_jetpack_dont_email_post_to_subs":false,"_jetpack_newsletter_tier_id":0,"_jetpack_memberships_contains_paywalled_content":false,"_jetpack_memberships_contains_paid_content":false,"footnotes":""},"categories":[8],"tags":[],"class_list":["post-2490","post","type-post","status-publish","format-standard","hentry","category-evento"],"jetpack_featured_media_url":"","jetpack_sharing_enabled":true,"_links":{"self":[{"href":"https:\/\/wp.ufpel.edu.br\/ppgfil\/wp-json\/wp\/v2\/posts\/2490","targetHints":{"allow":["GET"]}}],"collection":[{"href":"https:\/\/wp.ufpel.edu.br\/ppgfil\/wp-json\/wp\/v2\/posts"}],"about":[{"href":"https:\/\/wp.ufpel.edu.br\/ppgfil\/wp-json\/wp\/v2\/types\/post"}],"author":[{"embeddable":true,"href":"https:\/\/wp.ufpel.edu.br\/ppgfil\/wp-json\/wp\/v2\/users\/16"}],"replies":[{"embeddable":true,"href":"https:\/\/wp.ufpel.edu.br\/ppgfil\/wp-json\/wp\/v2\/comments?post=2490"}],"version-history":[{"count":3,"href":"https:\/\/wp.ufpel.edu.br\/ppgfil\/wp-json\/wp\/v2\/posts\/2490\/revisions"}],"predecessor-version":[{"id":2511,"href":"https:\/\/wp.ufpel.edu.br\/ppgfil\/wp-json\/wp\/v2\/posts\/2490\/revisions\/2511"}],"wp:attachment":[{"href":"https:\/\/wp.ufpel.edu.br\/ppgfil\/wp-json\/wp\/v2\/media?parent=2490"}],"wp:term":[{"taxonomy":"category","embeddable":true,"href":"https:\/\/wp.ufpel.edu.br\/ppgfil\/wp-json\/wp\/v2\/categories?post=2490"},{"taxonomy":"post_tag","embeddable":true,"href":"https:\/\/wp.ufpel.edu.br\/ppgfil\/wp-json\/wp\/v2\/tags?post=2490"}],"curies":[{"name":"wp","href":"https:\/\/api.w.org\/{rel}","templated":true}]}}