{"id":2210,"date":"2023-10-17T08:49:39","date_gmt":"2023-10-17T11:49:39","guid":{"rendered":"https:\/\/wp.ufpel.edu.br\/ppgfil\/?p=2210"},"modified":"2023-10-17T08:49:39","modified_gmt":"2023-10-17T11:49:39","slug":"palestra-o-complexo-de-fenix-com-o-prof-michael-marder","status":"publish","type":"post","link":"https:\/\/wp.ufpel.edu.br\/ppgfil\/2023\/10\/17\/palestra-o-complexo-de-fenix-com-o-prof-michael-marder\/","title":{"rendered":"Palestra &#8220;O Complexo de F\u00eanix&#8221;, com o Prof. Michael Marder"},"content":{"rendered":"<p style=\"font-weight: 400;\">Convidamos para a palestra do projeto <em><strong>Quest\u00f5es Ecol\u00f3gicas<\/strong><\/em> da pr\u00f3xima quarta-feira, dia 18\/10\/2023, com o Professor Michael Marder, da Universidade do Pa\u00eds Basco, intitulada: &#8220;O Complexo de F\u00eanix&#8221;, tendo por base o seu novo livro, <em><a href=\"https:\/\/mitpress.mit.edu\/9780262545709\/the-phoenix-complex\/\" data-saferedirecturl=\"https:\/\/www.google.com\/url?q=https:\/\/mitpress.mit.edu\/9780262545709\/the-phoenix-complex\/&amp;source=gmail&amp;ust=1697629268443000&amp;usg=AOvVaw0eH2qaFGGIgWw4daGF-Ckx\">The Phoenix Complex &#8211; A Philosophy of Nature<\/a><\/em>,<\/p>\n<p><a href=\"https:\/\/wp.ufpel.edu.br\/ppgfil\/files\/2023\/10\/QE4_Palestrantes_Michael-Marder.jpg\"><img class=\"alignnone size-medium wp-image-2212\" src=\"https:\/\/wp.ufpel.edu.br\/ppgfil\/files\/2023\/10\/QE4_Palestrantes_Michael-Marder-400x400.jpg\" alt=\"\" width=\"400\" height=\"400\" srcset=\"https:\/\/wp.ufpel.edu.br\/ppgfil\/files\/2023\/10\/QE4_Palestrantes_Michael-Marder-400x400.jpg 400w, https:\/\/wp.ufpel.edu.br\/ppgfil\/files\/2023\/10\/QE4_Palestrantes_Michael-Marder-1024x1024.jpg 1024w, https:\/\/wp.ufpel.edu.br\/ppgfil\/files\/2023\/10\/QE4_Palestrantes_Michael-Marder-200x200.jpg 200w, https:\/\/wp.ufpel.edu.br\/ppgfil\/files\/2023\/10\/QE4_Palestrantes_Michael-Marder-768x768.jpg 768w, https:\/\/wp.ufpel.edu.br\/ppgfil\/files\/2023\/10\/QE4_Palestrantes_Michael-Marder.jpg 1080w\" sizes=\"(max-width: 400px) 100vw, 400px\" \/><\/a><\/p>\n<p style=\"font-weight: 400;\">A palestra ser\u00e1 em Portugu\u00eas.<\/p>\n<p style=\"font-weight: 400;\">Acesso ao Zoom:\u00a0<a href=\"https:\/\/pucrs.zoom.us\/j\/97637494019?pwd=aHk3WHp6YktjUVBXWmtYQlRTM1NWZz09\" data-saferedirecturl=\"https:\/\/www.google.com\/url?q=https:\/\/pucrs.zoom.us\/j\/97637494019?pwd%3DaHk3WHp6YktjUVBXWmtYQlRTM1NWZz09&amp;source=gmail&amp;ust=1697629268443000&amp;usg=AOvVaw0N3jGMakblt5OgY8-mUlBC\">https:\/\/pucrs.zoom.us\/j\/97637494019?pwd=aHk3WHp6YktjUVBXWmtYQlRTM1NWZz09<\/a><\/p>\n<p style=\"font-weight: 400;\">Canal YouTube:\u00a0<a href=\"https:\/\/www.youtube.com\/@questoesecologicas1335\" data-saferedirecturl=\"https:\/\/www.google.com\/url?q=https:\/\/www.youtube.com\/@questoesecologicas1335&amp;source=gmail&amp;ust=1697629268444000&amp;usg=AOvVaw3ca0U_5ADFo-ViqmzTGZPe\">https:\/\/www.youtube.com\/@questoesecologicas1335<\/a><\/p>\n<p style=\"font-weight: 400;\">Instagram: @questoesecologicas<\/p>\n<p style=\"font-weight: 400;\">Facebook:\u00a0<a href=\"https:\/\/www.facebook.com\/questoesecologicas\/\" data-saferedirecturl=\"https:\/\/www.google.com\/url?q=https:\/\/www.facebook.com\/questoesecologicas\/&amp;source=gmail&amp;ust=1697629268444000&amp;usg=AOvVaw1vQuAamxofQ3GGCikJJK4X\">https:\/\/www.facebook.com\/questoesecologicas\/<\/a><\/p>\n","protected":false},"excerpt":{"rendered":"<p>Convidamos para a palestra do projeto Quest\u00f5es Ecol\u00f3gicas da pr\u00f3xima quarta-feira, dia 18\/10\/2023, com o Professor Michael Marder, da Universidade do Pa\u00eds Basco, intitulada: &#8220;O Complexo de F\u00eanix&#8221;, tendo por base o seu novo livro, The Phoenix Complex &#8211; A Philosophy of Nature, A palestra ser\u00e1 em Portugu\u00eas. Acesso ao Zoom:\u00a0https:\/\/pucrs.zoom.us\/j\/97637494019?pwd=aHk3WHp6YktjUVBXWmtYQlRTM1NWZz09 Canal YouTube:\u00a0https:\/\/www.youtube.com\/@questoesecologicas1335 Instagram: @questoesecologicas [&hellip;]<\/p>\n","protected":false},"author":16,"featured_media":0,"comment_status":"closed","ping_status":"closed","sticky":false,"template":"","format":"standard","meta":{"jetpack_post_was_ever_published":false,"_jetpack_newsletter_access":"","_jetpack_dont_email_post_to_subs":false,"_jetpack_newsletter_tier_id":0,"_jetpack_memberships_contains_paywalled_content":false,"_jetpack_memberships_contains_paid_content":false,"footnotes":""},"categories":[8],"tags":[],"class_list":["post-2210","post","type-post","status-publish","format-standard","hentry","category-evento"],"jetpack_featured_media_url":"","jetpack_sharing_enabled":true,"_links":{"self":[{"href":"https:\/\/wp.ufpel.edu.br\/ppgfil\/wp-json\/wp\/v2\/posts\/2210","targetHints":{"allow":["GET"]}}],"collection":[{"href":"https:\/\/wp.ufpel.edu.br\/ppgfil\/wp-json\/wp\/v2\/posts"}],"about":[{"href":"https:\/\/wp.ufpel.edu.br\/ppgfil\/wp-json\/wp\/v2\/types\/post"}],"author":[{"embeddable":true,"href":"https:\/\/wp.ufpel.edu.br\/ppgfil\/wp-json\/wp\/v2\/users\/16"}],"replies":[{"embeddable":true,"href":"https:\/\/wp.ufpel.edu.br\/ppgfil\/wp-json\/wp\/v2\/comments?post=2210"}],"version-history":[{"count":1,"href":"https:\/\/wp.ufpel.edu.br\/ppgfil\/wp-json\/wp\/v2\/posts\/2210\/revisions"}],"predecessor-version":[{"id":2213,"href":"https:\/\/wp.ufpel.edu.br\/ppgfil\/wp-json\/wp\/v2\/posts\/2210\/revisions\/2213"}],"wp:attachment":[{"href":"https:\/\/wp.ufpel.edu.br\/ppgfil\/wp-json\/wp\/v2\/media?parent=2210"}],"wp:term":[{"taxonomy":"category","embeddable":true,"href":"https:\/\/wp.ufpel.edu.br\/ppgfil\/wp-json\/wp\/v2\/categories?post=2210"},{"taxonomy":"post_tag","embeddable":true,"href":"https:\/\/wp.ufpel.edu.br\/ppgfil\/wp-json\/wp\/v2\/tags?post=2210"}],"curies":[{"name":"wp","href":"https:\/\/api.w.org\/{rel}","templated":true}]}}