{"id":2204,"date":"2023-10-02T16:27:44","date_gmt":"2023-10-02T19:27:44","guid":{"rendered":"https:\/\/wp.ufpel.edu.br\/ppgfil\/?p=2204"},"modified":"2023-10-02T16:27:44","modified_gmt":"2023-10-02T19:27:44","slug":"chamada-para-apresentacoes-do-projeto-questoes-ecologicas-em-perspectiva-interdisciplinar","status":"publish","type":"post","link":"https:\/\/wp.ufpel.edu.br\/ppgfil\/2023\/10\/02\/chamada-para-apresentacoes-do-projeto-questoes-ecologicas-em-perspectiva-interdisciplinar\/","title":{"rendered":"Chamada para apresenta\u00e7\u00f5es do projeto Quest\u00f5es Ecol\u00f3gicas em perspectiva interdisciplinar"},"content":{"rendered":"<p style=\"font-weight: 400;\">O\u00a0<strong>PPG em Filosofia da UFPel<\/strong>, em parceria com o\u00a0<strong>Instituto de Ci\u00eancias Sociais da Universidade de Lisboa<\/strong>\u00a0e o\u00a0<strong>PPG em Filosofia da PUCRS<\/strong>, convidam tod@s @s interessad@s a submeter os seus trabalhos &#8211; em portugu\u00eas, espanhol, ingl\u00eas ou franc\u00eas &#8211; para apresenta\u00e7\u00e3o no\u00a0<strong>Col\u00f3quio de encerramento<\/strong>\u00a0da 4\u00aa edi\u00e7\u00e3o do projeto\u00a0<strong><em>Quest\u00f5es Ecol\u00f3gicas em Perspectiva Interdisciplinar<\/em><\/strong>, a decorrer no dia\u00a0<strong>06 de dezembro de 2023<\/strong>.<\/p>\n<p style=\"font-weight: 400;\">O prop\u00f3sito do projeto \u00e9 convocar e p\u00f4r em di\u00e1logo diferentes disciplinas, experi\u00eancias e \u00e1reas do saber, buscando contribuir com perspectivas alternativas ao modelo dominante no que diz respeito \u00e0 rela\u00e7\u00e3o entre a sociedade e a natureza.<\/p>\n<p style=\"font-weight: 400;\">Os trabalhos selecionados para apresenta\u00e7\u00e3o no evento ser\u00e3o, posteriormente, considerados para publica\u00e7\u00e3o como cap\u00edtulos no 4\u00ba e-Book do projeto. Para mais informa\u00e7\u00f5es:<\/p>\n<p><a href=\"https:\/\/wp.ufpel.edu.br\/ppgfil\/files\/2023\/10\/QE4_CHAMADA-PARA-APRESENTACOES.pdf\">QE4_CHAMADA PARA APRESENTA\u00c7\u00d5ES<\/a><\/p>\n<p style=\"font-weight: 400;\"><strong>RESUMO DA CHAMADA<\/strong><\/p>\n<p style=\"font-weight: 400;\"><strong>Submiss\u00f5es: at\u00e9 10 de novembro de 2023<\/strong><\/p>\n<p style=\"font-weight: 400;\"><strong>Resumo: 500 palavras (m\u00e1x.), 3 a 5 palavras-chave<\/strong>.<\/p>\n<p style=\"font-weight: 400;\"><strong>Enviar arquivo em PDF para:<\/strong>\u00a0<a href=\"mailto:cicloquestaoecologica@gmail.com\">cicloquestaoecologica@gmail.com<\/a><\/p>\n<p style=\"font-weight: 400;\"><strong>Data do evento: 06 de dezembro de 2023 \/ 9h00 \u00e0s 18h00<\/strong><\/p>\n<p style=\"font-weight: 400;\"><strong>Evento h\u00edbrido:<\/strong><\/p>\n<p style=\"font-weight: 400;\"><strong>Virtual \u2013 Zoom<\/strong><\/p>\n<p style=\"font-weight: 400;\"><strong>Presencial \u2013 Museu das Ci\u00eancias Naturais Carlos Ritter\/UFPel, Pr. Cel. Pedro Os\u00f3rio, 1 Centro, Pelotas &#8211; RS, 96015-010<\/strong><\/p>\n<p style=\"font-weight: 400;\">Atenciosamente, em nome da Comiss\u00e3o Organizadora,<\/p>\n<p style=\"font-weight: 400;\"><em>Nuno Pereira Castanheira<\/em><\/p>\n<p style=\"font-weight: 400;\">Professor Visitante PPG Filosofia \/ UFPel<\/p>\n","protected":false},"excerpt":{"rendered":"<p>O\u00a0PPG em Filosofia da UFPel, em parceria com o\u00a0Instituto de Ci\u00eancias Sociais da Universidade de Lisboa\u00a0e o\u00a0PPG em Filosofia da PUCRS, convidam tod@s @s interessad@s a submeter os seus trabalhos &#8211; em portugu\u00eas, espanhol, ingl\u00eas ou franc\u00eas &#8211; para apresenta\u00e7\u00e3o no\u00a0Col\u00f3quio de encerramento\u00a0da 4\u00aa edi\u00e7\u00e3o do projeto\u00a0Quest\u00f5es Ecol\u00f3gicas em Perspectiva Interdisciplinar, a decorrer no dia\u00a006 [&hellip;]<\/p>\n","protected":false},"author":16,"featured_media":0,"comment_status":"closed","ping_status":"closed","sticky":false,"template":"","format":"standard","meta":{"jetpack_post_was_ever_published":false,"_jetpack_newsletter_access":"","_jetpack_dont_email_post_to_subs":false,"_jetpack_newsletter_tier_id":0,"_jetpack_memberships_contains_paywalled_content":false,"_jetpack_memberships_contains_paid_content":false,"footnotes":""},"categories":[8],"tags":[],"class_list":["post-2204","post","type-post","status-publish","format-standard","hentry","category-evento"],"jetpack_featured_media_url":"","jetpack_sharing_enabled":true,"_links":{"self":[{"href":"https:\/\/wp.ufpel.edu.br\/ppgfil\/wp-json\/wp\/v2\/posts\/2204","targetHints":{"allow":["GET"]}}],"collection":[{"href":"https:\/\/wp.ufpel.edu.br\/ppgfil\/wp-json\/wp\/v2\/posts"}],"about":[{"href":"https:\/\/wp.ufpel.edu.br\/ppgfil\/wp-json\/wp\/v2\/types\/post"}],"author":[{"embeddable":true,"href":"https:\/\/wp.ufpel.edu.br\/ppgfil\/wp-json\/wp\/v2\/users\/16"}],"replies":[{"embeddable":true,"href":"https:\/\/wp.ufpel.edu.br\/ppgfil\/wp-json\/wp\/v2\/comments?post=2204"}],"version-history":[{"count":1,"href":"https:\/\/wp.ufpel.edu.br\/ppgfil\/wp-json\/wp\/v2\/posts\/2204\/revisions"}],"predecessor-version":[{"id":2207,"href":"https:\/\/wp.ufpel.edu.br\/ppgfil\/wp-json\/wp\/v2\/posts\/2204\/revisions\/2207"}],"wp:attachment":[{"href":"https:\/\/wp.ufpel.edu.br\/ppgfil\/wp-json\/wp\/v2\/media?parent=2204"}],"wp:term":[{"taxonomy":"category","embeddable":true,"href":"https:\/\/wp.ufpel.edu.br\/ppgfil\/wp-json\/wp\/v2\/categories?post=2204"},{"taxonomy":"post_tag","embeddable":true,"href":"https:\/\/wp.ufpel.edu.br\/ppgfil\/wp-json\/wp\/v2\/tags?post=2204"}],"curies":[{"name":"wp","href":"https:\/\/api.w.org\/{rel}","templated":true}]}}