{"id":198,"date":"2016-08-02T13:11:21","date_gmt":"2016-08-02T16:11:21","guid":{"rendered":"https:\/\/wp.ufpel.edu.br\/ppgfil\/?p=198"},"modified":"2016-08-02T13:11:21","modified_gmt":"2016-08-02T16:11:21","slug":"inicio-do-2o-semestre-2016","status":"publish","type":"post","link":"https:\/\/wp.ufpel.edu.br\/ppgfil\/2016\/08\/02\/inicio-do-2o-semestre-2016\/","title":{"rendered":"IN\u00cdCIO DO 2\u00ba SEMESTRE 2016"},"content":{"rendered":"<p>As aulas do PPG Filosofia iniciam na segunda-feira, dia <strong>08 de agosto<\/strong>, exceto para as disciplinas <em>Problemas de Fundamenta\u00e7\u00e3o da Moral<\/em> e <em>Virtude e Felicidade<\/em> que come\u00e7ar\u00e3o nos dias 16 e 17 de agosto respectivamente.<\/p>\n","protected":false},"excerpt":{"rendered":"<p>As aulas do PPG Filosofia iniciam na segunda-feira, dia 08 de agosto, exceto para as disciplinas Problemas de Fundamenta\u00e7\u00e3o da Moral e Virtude e Felicidade que come\u00e7ar\u00e3o nos dias 16 e 17 de agosto respectivamente.<\/p>\n","protected":false},"author":16,"featured_media":0,"comment_status":"closed","ping_status":"closed","sticky":false,"template":"","format":"standard","meta":{"jetpack_post_was_ever_published":false,"_jetpack_newsletter_access":"","_jetpack_dont_email_post_to_subs":false,"_jetpack_newsletter_tier_id":0,"_jetpack_memberships_contains_paywalled_content":false,"_jetpack_memberships_contains_paid_content":false,"footnotes":""},"categories":[1],"tags":[],"class_list":["post-198","post","type-post","status-publish","format-standard","hentry","category-noticias"],"jetpack_featured_media_url":"","jetpack_sharing_enabled":true,"_links":{"self":[{"href":"https:\/\/wp.ufpel.edu.br\/ppgfil\/wp-json\/wp\/v2\/posts\/198","targetHints":{"allow":["GET"]}}],"collection":[{"href":"https:\/\/wp.ufpel.edu.br\/ppgfil\/wp-json\/wp\/v2\/posts"}],"about":[{"href":"https:\/\/wp.ufpel.edu.br\/ppgfil\/wp-json\/wp\/v2\/types\/post"}],"author":[{"embeddable":true,"href":"https:\/\/wp.ufpel.edu.br\/ppgfil\/wp-json\/wp\/v2\/users\/16"}],"replies":[{"embeddable":true,"href":"https:\/\/wp.ufpel.edu.br\/ppgfil\/wp-json\/wp\/v2\/comments?post=198"}],"version-history":[{"count":1,"href":"https:\/\/wp.ufpel.edu.br\/ppgfil\/wp-json\/wp\/v2\/posts\/198\/revisions"}],"predecessor-version":[{"id":200,"href":"https:\/\/wp.ufpel.edu.br\/ppgfil\/wp-json\/wp\/v2\/posts\/198\/revisions\/200"}],"wp:attachment":[{"href":"https:\/\/wp.ufpel.edu.br\/ppgfil\/wp-json\/wp\/v2\/media?parent=198"}],"wp:term":[{"taxonomy":"category","embeddable":true,"href":"https:\/\/wp.ufpel.edu.br\/ppgfil\/wp-json\/wp\/v2\/categories?post=198"},{"taxonomy":"post_tag","embeddable":true,"href":"https:\/\/wp.ufpel.edu.br\/ppgfil\/wp-json\/wp\/v2\/tags?post=198"}],"curies":[{"name":"wp","href":"https:\/\/api.w.org\/{rel}","templated":true}]}}