{"id":121,"date":"2016-03-03T16:14:34","date_gmt":"2016-03-03T19:14:34","guid":{"rendered":"https:\/\/wp.ufpel.edu.br\/ppgfil\/?p=121"},"modified":"2016-03-16T19:15:17","modified_gmt":"2016-03-16T22:15:17","slug":"convite-para-defesas-de-dissertacoes-de-mestrado-do-ppgfil","status":"publish","type":"post","link":"https:\/\/wp.ufpel.edu.br\/ppgfil\/2016\/03\/03\/convite-para-defesas-de-dissertacoes-de-mestrado-do-ppgfil\/","title":{"rendered":"Convite para defesas de disserta\u00e7\u00f5es de Mestrado do PPGFIL"},"content":{"rendered":"<ul>\n<li>Mariana Secani Lucas &#8211; \u00a0t\u00edtulo:\u00a0O Estado hegeliano e suas bases \u00e9ticas. 10\/03\/2016 -14 h \u00a0sala 316.<a href=\"https:\/\/wp.ufpel.edu.br\/ppgfil\/files\/2016\/03\/cartaz-defesa-Mariana.pptx\" rel=\"\">cartaz defesa Mariana<\/a><\/li>\n<li>Alexandre Xavier Vargas &#8211; t\u00edtulo:\u00a0Fatos e Valores: um estudo sobre a dicotomia fato\/valor e o problema da objetividade da \u00c9tica em Hilary Putnam. 14\/03\/2016 14h,\u00a0sala 323.\u00a0<a href=\"https:\/\/wp.ufpel.edu.br\/ppgfil\/files\/2016\/03\/cartaz-defesa-Alexandre.pptx\" rel=\"\">cartaz defesa Alexandre<\/a><\/li>\n<li>Maur\u00edcio Medeiros Vieira &#8211; t\u00edtulo:\u00a0A rela\u00e7\u00e3o entre o livre arb\u00edtrio, a felicidade e a presci\u00eancia de Deus no pensamento de Severino Bo\u00e9cio. 29\/03\/2016, 10h, sala EaD.\u00a0<a href=\"https:\/\/wp.ufpel.edu.br\/ppgfil\/files\/2016\/03\/Apresenta\u00e7\u00e3o1.jpg\" rel=\"attachment wp-att-138\"><img class=\"alignnone size-medium wp-image-138\" src=\"https:\/\/wp.ufpel.edu.br\/ppgfil\/files\/2016\/03\/Apresenta\u00e7\u00e3o1-424x318.jpg\" alt=\"Apresenta\u00e7\u00e3o1\" width=\"424\" height=\"318\" srcset=\"https:\/\/wp.ufpel.edu.br\/ppgfil\/files\/2016\/03\/Apresenta\u00e7\u00e3o1-424x318.jpg 424w, https:\/\/wp.ufpel.edu.br\/ppgfil\/files\/2016\/03\/Apresenta\u00e7\u00e3o1-212x159.jpg 212w, https:\/\/wp.ufpel.edu.br\/ppgfil\/files\/2016\/03\/Apresenta\u00e7\u00e3o1-768x576.jpg 768w, https:\/\/wp.ufpel.edu.br\/ppgfil\/files\/2016\/03\/Apresenta\u00e7\u00e3o1.jpg 960w\" sizes=\"(max-width: 424px) 100vw, 424px\" \/><\/a><\/li>\n<\/ul>\n","protected":false},"excerpt":{"rendered":"<p>Mariana Secani Lucas &#8211; \u00a0t\u00edtulo:\u00a0O Estado hegeliano e suas bases \u00e9ticas. 10\/03\/2016 -14 h \u00a0sala 316.cartaz defesa Mariana Alexandre Xavier Vargas &#8211; t\u00edtulo:\u00a0Fatos e Valores: um estudo sobre a dicotomia fato\/valor e o problema da objetividade da \u00c9tica em Hilary Putnam. 14\/03\/2016 14h,\u00a0sala 323.\u00a0cartaz defesa Alexandre Maur\u00edcio Medeiros Vieira &#8211; t\u00edtulo:\u00a0A rela\u00e7\u00e3o entre o livre [&hellip;]<\/p>\n","protected":false},"author":16,"featured_media":0,"comment_status":"closed","ping_status":"closed","sticky":false,"template":"","format":"standard","meta":{"jetpack_post_was_ever_published":false,"_jetpack_newsletter_access":"","_jetpack_dont_email_post_to_subs":false,"_jetpack_newsletter_tier_id":0,"_jetpack_memberships_contains_paywalled_content":false,"_jetpack_memberships_contains_paid_content":false,"footnotes":""},"categories":[1],"tags":[],"class_list":["post-121","post","type-post","status-publish","format-standard","hentry","category-noticias"],"jetpack_featured_media_url":"","jetpack_sharing_enabled":true,"_links":{"self":[{"href":"https:\/\/wp.ufpel.edu.br\/ppgfil\/wp-json\/wp\/v2\/posts\/121","targetHints":{"allow":["GET"]}}],"collection":[{"href":"https:\/\/wp.ufpel.edu.br\/ppgfil\/wp-json\/wp\/v2\/posts"}],"about":[{"href":"https:\/\/wp.ufpel.edu.br\/ppgfil\/wp-json\/wp\/v2\/types\/post"}],"author":[{"embeddable":true,"href":"https:\/\/wp.ufpel.edu.br\/ppgfil\/wp-json\/wp\/v2\/users\/16"}],"replies":[{"embeddable":true,"href":"https:\/\/wp.ufpel.edu.br\/ppgfil\/wp-json\/wp\/v2\/comments?post=121"}],"version-history":[{"count":3,"href":"https:\/\/wp.ufpel.edu.br\/ppgfil\/wp-json\/wp\/v2\/posts\/121\/revisions"}],"predecessor-version":[{"id":140,"href":"https:\/\/wp.ufpel.edu.br\/ppgfil\/wp-json\/wp\/v2\/posts\/121\/revisions\/140"}],"wp:attachment":[{"href":"https:\/\/wp.ufpel.edu.br\/ppgfil\/wp-json\/wp\/v2\/media?parent=121"}],"wp:term":[{"taxonomy":"category","embeddable":true,"href":"https:\/\/wp.ufpel.edu.br\/ppgfil\/wp-json\/wp\/v2\/categories?post=121"},{"taxonomy":"post_tag","embeddable":true,"href":"https:\/\/wp.ufpel.edu.br\/ppgfil\/wp-json\/wp\/v2\/tags?post=121"}],"curies":[{"name":"wp","href":"https:\/\/api.w.org\/{rel}","templated":true}]}}