{"id":3695,"date":"2026-04-24T14:32:15","date_gmt":"2026-04-24T17:32:15","guid":{"rendered":"https:\/\/wp.ufpel.edu.br\/ppgeo\/?p=3695"},"modified":"2026-04-24T15:18:39","modified_gmt":"2026-04-24T18:18:39","slug":"convite-para-defesa-de-mestrado-raul-cunha-fiori","status":"publish","type":"post","link":"https:\/\/wp.ufpel.edu.br\/ppgeo\/2026\/04\/24\/convite-para-defesa-de-mestrado-raul-cunha-fiori\/","title":{"rendered":"Convite para Defesa de Mestrado &#8211; Raul Cunha Fiori"},"content":{"rendered":"<p data-start=\"82\" data-end=\"226\">O Programa de P\u00f3s-Gradua\u00e7\u00e3o em Geografia da UFPel convida a comunidade acad\u00eamica para as Qualifica\u00e7\u00f5es de Mestrado de Raul Cunha Fiori.<\/p>\n<p data-start=\"195\" data-end=\"509\">O discente apresentar\u00e1 a pesquisa intitulada \u201cTranstorno de D\u00e9ficit de Aten\u00e7\u00e3o e Hiperatividade (TDAH) e Ensino de Geografia na Educa\u00e7\u00e3o B\u00e1sica: experi\u00eancias docentes como base para uma proposta metodol\u00f3gica inclusiva\u201d, contribuindo para o debate sobre pr\u00e1ticas pedag\u00f3gicas inclusivas no ensino de Geografia.<\/p>\n<p data-start=\"511\" data-end=\"597\">Data: 04 de maio de 2026<br data-start=\"532\" data-end=\"535\" \/>Hor\u00e1rio: 9h<br data-start=\"539\" data-end=\"542\" \/>Local: Sala 101 \u2013 Campus II (Rua Almirante Barroso, 1202)<\/p>\n<p data-start=\"511\" data-end=\"597\">A banca ser\u00e1 composta pela Prof\u00aa. Dr\u00aa. Rosangela Lurdes Spironello (orientadora), Prof. Dr. Maur\u00edcio Rizzatti, Prof\u00aa. Dr\u00aa. Nat\u00e1lia Lampert Batista e Prof\u00aa. Dr\u00aa. Gabriela Dambr\u00f3s (suplente).<\/p>\n<p data-start=\"670\" data-end=\"742\">O PPGeo\/UFPel convida todos(as) a prestigiarem a atividade. Os bolsistas do PPGeo podem preencher a <a href=\"https:\/\/wp.ufpel.edu.br\/ppgeo\/files\/2026\/04\/Modelo-Ouvinte-em-Banca.docx\">declara\u00e7\u00e3o de participa\u00e7\u00e3o como ouvinte<\/a> para fins de renova\u00e7\u00e3o de bolsa.<\/p>\n","protected":false},"excerpt":{"rendered":"<p>O Programa de P\u00f3s-Gradua\u00e7\u00e3o em Geografia da UFPel convida a comunidade acad\u00eamica para as Qualifica\u00e7\u00f5es de Mestrado de Raul Cunha Fiori. O discente apresentar\u00e1 a pesquisa intitulada \u201cTranstorno de D\u00e9ficit de Aten\u00e7\u00e3o e Hiperatividade (TDAH) e Ensino de Geografia na Educa\u00e7\u00e3o B\u00e1sica: experi\u00eancias docentes como base para uma proposta metodol\u00f3gica inclusiva\u201d, contribuindo para o debate [&hellip;]<\/p>\n","protected":false},"author":202,"featured_media":0,"comment_status":"closed","ping_status":"closed","sticky":false,"template":"","format":"standard","meta":{"_jetpack_memberships_contains_paid_content":false,"footnotes":""},"categories":[84535],"tags":[],"class_list":["post-3695","post","type-post","status-publish","format-standard","hentry","category-avisos"],"jetpack_featured_media_url":"","jetpack_sharing_enabled":true,"_links":{"self":[{"href":"https:\/\/wp.ufpel.edu.br\/ppgeo\/wp-json\/wp\/v2\/posts\/3695","targetHints":{"allow":["GET"]}}],"collection":[{"href":"https:\/\/wp.ufpel.edu.br\/ppgeo\/wp-json\/wp\/v2\/posts"}],"about":[{"href":"https:\/\/wp.ufpel.edu.br\/ppgeo\/wp-json\/wp\/v2\/types\/post"}],"author":[{"embeddable":true,"href":"https:\/\/wp.ufpel.edu.br\/ppgeo\/wp-json\/wp\/v2\/users\/202"}],"replies":[{"embeddable":true,"href":"https:\/\/wp.ufpel.edu.br\/ppgeo\/wp-json\/wp\/v2\/comments?post=3695"}],"version-history":[{"count":3,"href":"https:\/\/wp.ufpel.edu.br\/ppgeo\/wp-json\/wp\/v2\/posts\/3695\/revisions"}],"predecessor-version":[{"id":3703,"href":"https:\/\/wp.ufpel.edu.br\/ppgeo\/wp-json\/wp\/v2\/posts\/3695\/revisions\/3703"}],"wp:attachment":[{"href":"https:\/\/wp.ufpel.edu.br\/ppgeo\/wp-json\/wp\/v2\/media?parent=3695"}],"wp:term":[{"taxonomy":"category","embeddable":true,"href":"https:\/\/wp.ufpel.edu.br\/ppgeo\/wp-json\/wp\/v2\/categories?post=3695"},{"taxonomy":"post_tag","embeddable":true,"href":"https:\/\/wp.ufpel.edu.br\/ppgeo\/wp-json\/wp\/v2\/tags?post=3695"}],"curies":[{"name":"wp","href":"https:\/\/api.w.org\/{rel}","templated":true}]}}