{"id":3692,"date":"2026-04-24T14:30:32","date_gmt":"2026-04-24T17:30:32","guid":{"rendered":"https:\/\/wp.ufpel.edu.br\/ppgeo\/?p=3692"},"modified":"2026-04-24T15:19:17","modified_gmt":"2026-04-24T18:19:17","slug":"convite-para-qualificacao-de-mestrado-cassiely-rosa-pacheco-e-robson-braga-da-rosa","status":"publish","type":"post","link":"https:\/\/wp.ufpel.edu.br\/ppgeo\/2026\/04\/24\/convite-para-qualificacao-de-mestrado-cassiely-rosa-pacheco-e-robson-braga-da-rosa\/","title":{"rendered":"Convite para Qualifica\u00e7\u00e3o de Mestrado &#8211; Cassiely Rosa Pacheco e Robson Braga da Rosa"},"content":{"rendered":"<p data-start=\"82\" data-end=\"226\">O Programa de P\u00f3s-Gradua\u00e7\u00e3o em Geografia da UFPel convida a comunidade acad\u00eamica para duas Qualifica\u00e7\u00f5es de Mestrado.<\/p>\n<p data-start=\"228\" data-end=\"369\">A discente Cassiely Rosa Pacheco apresentar\u00e1 a pesquisa intitulada \u201cDiagn\u00f3stico geoambiental dos munic\u00edpios de Pelotas e Arroio do Padre, Rio Grande do Sul\u201d.<\/p>\n<p data-start=\"371\" data-end=\"461\">Data: 27 de abril de 2026<br data-start=\"393\" data-end=\"396\" \/>Hor\u00e1rio: 9h<br data-start=\"400\" data-end=\"403\" \/>Local: Google Meet (link mediante solicita\u00e7\u00e3o \u00e0 orientadora &#8211; Prof\u00aa. Dr\u00aa. Vanda Carneiro de Claudino Sales)<\/p>\n<p data-start=\"371\" data-end=\"461\">A banca contar\u00e1 com a participa\u00e7\u00e3o da Prof\u00aa. Dr\u00aa. Vanda Carneiro de Claudino Sales (orientadora), Prof. Dr. Adriano Lu\u00eds Heck Simon (coorientador), Prof\u00aa. Dr\u00aa. Gracieli Trentin e Prof\u00aa. Dr\u00aa. Simone Sato.<\/p>\n<p data-start=\"201\" data-end=\"401\">J\u00e1 o discente Robson Braga da Rosa apresentar\u00e1 a pesquisa intitulada \u201cGeopol\u00edtica, territ\u00f3rio e terror: a quest\u00e3o Palestina no s\u00e9culo XXI\u201d, trazendo importantes reflex\u00f5es sobre as din\u00e2micas geopol\u00edticas contempor\u00e2neas.<\/p>\n<p data-start=\"403\" data-end=\"494\">Data: 29 de abril de 2026<br data-start=\"425\" data-end=\"428\" \/>Hor\u00e1rio: 14h<br data-start=\"433\" data-end=\"436\" \/>Local: Google Meet (link mediante solicita\u00e7\u00e3o ao orientador &#8211; Prof. Dr. Tiaraju Salini Duarte)<\/p>\n<p data-start=\"403\" data-end=\"494\">A banca ser\u00e1 composta pelo Prof. Dr. Tiaraju Salini Duarte (orientador), Prof\u00aa. Dr\u00aa. Maria Ang\u00e9lica Magrini, Prof. Dr. Robinson Santos Pinheiro e Prof. Dr. Sidney Gon\u00e7alves Vieira.<\/p>\n<p data-start=\"670\" data-end=\"742\">O PPGeo\/UFPel convida todos(as) a prestigiarem as qualifica\u00e7\u00f5es. Os bolsistas do PPGeo podem preencher a <a href=\"https:\/\/wp.ufpel.edu.br\/ppgeo\/files\/2026\/04\/Modelo-Ouvinte-em-Banca.docx\">declara\u00e7\u00e3o de participa\u00e7\u00e3o como ouvinte<\/a> para fins de renova\u00e7\u00e3o de bolsa.<\/p>\n","protected":false},"excerpt":{"rendered":"<p>O Programa de P\u00f3s-Gradua\u00e7\u00e3o em Geografia da UFPel convida a comunidade acad\u00eamica para duas Qualifica\u00e7\u00f5es de Mestrado. A discente Cassiely Rosa Pacheco apresentar\u00e1 a pesquisa intitulada \u201cDiagn\u00f3stico geoambiental dos munic\u00edpios de Pelotas e Arroio do Padre, Rio Grande do Sul\u201d. Data: 27 de abril de 2026Hor\u00e1rio: 9hLocal: Google Meet (link mediante solicita\u00e7\u00e3o \u00e0 orientadora &#8211; [&hellip;]<\/p>\n","protected":false},"author":202,"featured_media":0,"comment_status":"closed","ping_status":"closed","sticky":false,"template":"","format":"standard","meta":{"_jetpack_memberships_contains_paid_content":false,"footnotes":""},"categories":[84535],"tags":[],"class_list":["post-3692","post","type-post","status-publish","format-standard","hentry","category-avisos"],"jetpack_featured_media_url":"","jetpack_sharing_enabled":true,"_links":{"self":[{"href":"https:\/\/wp.ufpel.edu.br\/ppgeo\/wp-json\/wp\/v2\/posts\/3692","targetHints":{"allow":["GET"]}}],"collection":[{"href":"https:\/\/wp.ufpel.edu.br\/ppgeo\/wp-json\/wp\/v2\/posts"}],"about":[{"href":"https:\/\/wp.ufpel.edu.br\/ppgeo\/wp-json\/wp\/v2\/types\/post"}],"author":[{"embeddable":true,"href":"https:\/\/wp.ufpel.edu.br\/ppgeo\/wp-json\/wp\/v2\/users\/202"}],"replies":[{"embeddable":true,"href":"https:\/\/wp.ufpel.edu.br\/ppgeo\/wp-json\/wp\/v2\/comments?post=3692"}],"version-history":[{"count":3,"href":"https:\/\/wp.ufpel.edu.br\/ppgeo\/wp-json\/wp\/v2\/posts\/3692\/revisions"}],"predecessor-version":[{"id":3704,"href":"https:\/\/wp.ufpel.edu.br\/ppgeo\/wp-json\/wp\/v2\/posts\/3692\/revisions\/3704"}],"wp:attachment":[{"href":"https:\/\/wp.ufpel.edu.br\/ppgeo\/wp-json\/wp\/v2\/media?parent=3692"}],"wp:term":[{"taxonomy":"category","embeddable":true,"href":"https:\/\/wp.ufpel.edu.br\/ppgeo\/wp-json\/wp\/v2\/categories?post=3692"},{"taxonomy":"post_tag","embeddable":true,"href":"https:\/\/wp.ufpel.edu.br\/ppgeo\/wp-json\/wp\/v2\/tags?post=3692"}],"curies":[{"name":"wp","href":"https:\/\/api.w.org\/{rel}","templated":true}]}}