{"id":3661,"date":"2026-03-30T11:06:50","date_gmt":"2026-03-30T14:06:50","guid":{"rendered":"https:\/\/wp.ufpel.edu.br\/ppgeo\/?p=3661"},"modified":"2026-03-30T11:06:50","modified_gmt":"2026-03-30T14:06:50","slug":"apresentacao-e-orientacoes-sobre-o-edital-de-bolsas-do-ppgeo-ufpel","status":"publish","type":"post","link":"https:\/\/wp.ufpel.edu.br\/ppgeo\/2026\/03\/30\/apresentacao-e-orientacoes-sobre-o-edital-de-bolsas-do-ppgeo-ufpel\/","title":{"rendered":"Apresenta\u00e7\u00e3o e orienta\u00e7\u00f5es sobre o edital de bolsas do PPGeo\/UFPel"},"content":{"rendered":"<p class=\"isSelectedEnd\">A Coordena\u00e7\u00e3o do Programa de P\u00f3s-Gradua\u00e7\u00e3o em Geografia da Universidade Federal de Pelotas (PPGeo\/UFPel) realizar\u00e1 uma atividade de apresenta\u00e7\u00e3o e orienta\u00e7\u00f5es acerca do edital de concess\u00e3o e renova\u00e7\u00e3o de bolsas, destinada a todos os estudantes do Programa, bolsistas e n\u00e3o bolsistas.<\/p>\n<p><a href=\"https:\/\/wp.ufpel.edu.br\/ppgeo\/files\/2026\/03\/Modelos-de-Publicacao-PPGeo-UFPel.png\"><img class=\"aligncenter  wp-image-3663\" src=\"https:\/\/wp.ufpel.edu.br\/ppgeo\/files\/2026\/03\/Modelos-de-Publicacao-PPGeo-UFPel.png\" alt=\"\" width=\"410\" height=\"513\" srcset=\"https:\/\/wp.ufpel.edu.br\/ppgeo\/files\/2026\/03\/Modelos-de-Publicacao-PPGeo-UFPel.png 1080w, https:\/\/wp.ufpel.edu.br\/ppgeo\/files\/2026\/03\/Modelos-de-Publicacao-PPGeo-UFPel-320x400.png 320w, https:\/\/wp.ufpel.edu.br\/ppgeo\/files\/2026\/03\/Modelos-de-Publicacao-PPGeo-UFPel-819x1024.png 819w, https:\/\/wp.ufpel.edu.br\/ppgeo\/files\/2026\/03\/Modelos-de-Publicacao-PPGeo-UFPel-768x960.png 768w\" sizes=\"(max-width: 410px) 100vw, 410px\" \/><\/a><\/p>\n<p class=\"isSelectedEnd\">O encontro tem como objetivo esclarecer os crit\u00e9rios estabelecidos no edital, orientar quanto \u00e0 organiza\u00e7\u00e3o e submiss\u00e3o dos documentos comprobat\u00f3rios, bem como oferecer um espa\u00e7o para esclarecimento de d\u00favidas dos discentes interessados em participar do processo.<\/p>\n<p class=\"isSelectedEnd\">A atividade ocorrer\u00e1 no dia 1\u00ba de abril de 2026, \u00e0s 10h, no Audit\u00f3rio do CEHUS\/UFPel.<\/p>\n<p>A participa\u00e7\u00e3o \u00e9 recomendada a todos os estudantes que pretendem concorrer \u00e0 concess\u00e3o ou \u00e0 renova\u00e7\u00e3o de bolsas no \u00e2mbito do Programa.<\/p>\n","protected":false},"excerpt":{"rendered":"<p>A Coordena\u00e7\u00e3o do Programa de P\u00f3s-Gradua\u00e7\u00e3o em Geografia da Universidade Federal de Pelotas (PPGeo\/UFPel) realizar\u00e1 uma atividade de apresenta\u00e7\u00e3o e orienta\u00e7\u00f5es acerca do edital de concess\u00e3o e renova\u00e7\u00e3o de bolsas, destinada a todos os estudantes do Programa, bolsistas e n\u00e3o bolsistas. O encontro tem como objetivo esclarecer os crit\u00e9rios estabelecidos no edital, orientar quanto \u00e0 [&hellip;]<\/p>\n","protected":false},"author":202,"featured_media":0,"comment_status":"closed","ping_status":"closed","sticky":false,"template":"","format":"standard","meta":{"_jetpack_memberships_contains_paid_content":false,"footnotes":""},"categories":[84535],"tags":[],"class_list":["post-3661","post","type-post","status-publish","format-standard","hentry","category-avisos"],"jetpack_featured_media_url":"","jetpack_sharing_enabled":true,"_links":{"self":[{"href":"https:\/\/wp.ufpel.edu.br\/ppgeo\/wp-json\/wp\/v2\/posts\/3661","targetHints":{"allow":["GET"]}}],"collection":[{"href":"https:\/\/wp.ufpel.edu.br\/ppgeo\/wp-json\/wp\/v2\/posts"}],"about":[{"href":"https:\/\/wp.ufpel.edu.br\/ppgeo\/wp-json\/wp\/v2\/types\/post"}],"author":[{"embeddable":true,"href":"https:\/\/wp.ufpel.edu.br\/ppgeo\/wp-json\/wp\/v2\/users\/202"}],"replies":[{"embeddable":true,"href":"https:\/\/wp.ufpel.edu.br\/ppgeo\/wp-json\/wp\/v2\/comments?post=3661"}],"version-history":[{"count":1,"href":"https:\/\/wp.ufpel.edu.br\/ppgeo\/wp-json\/wp\/v2\/posts\/3661\/revisions"}],"predecessor-version":[{"id":3664,"href":"https:\/\/wp.ufpel.edu.br\/ppgeo\/wp-json\/wp\/v2\/posts\/3661\/revisions\/3664"}],"wp:attachment":[{"href":"https:\/\/wp.ufpel.edu.br\/ppgeo\/wp-json\/wp\/v2\/media?parent=3661"}],"wp:term":[{"taxonomy":"category","embeddable":true,"href":"https:\/\/wp.ufpel.edu.br\/ppgeo\/wp-json\/wp\/v2\/categories?post=3661"},{"taxonomy":"post_tag","embeddable":true,"href":"https:\/\/wp.ufpel.edu.br\/ppgeo\/wp-json\/wp\/v2\/tags?post=3661"}],"curies":[{"name":"wp","href":"https:\/\/api.w.org\/{rel}","templated":true}]}}