{"id":318,"date":"2015-02-04T11:22:14","date_gmt":"2015-02-04T13:22:14","guid":{"rendered":"https:\/\/wp.ufpel.edu.br\/ppgeo\/?p=318"},"modified":"2023-03-25T21:10:48","modified_gmt":"2023-03-26T00:10:48","slug":"matriculas-2015","status":"publish","type":"post","link":"https:\/\/wp.ufpel.edu.br\/ppgeo\/2015\/02\/04\/matriculas-2015\/","title":{"rendered":"Matr\u00edculas 2015"},"content":{"rendered":"<p>A Coordena\u00e7\u00e3o do PPGeo divulga as datas de matr\u00edcula para o primeiro semestre de 2015:<\/p>\n<p><strong>Alunos Regulares<\/strong> &#8211;\u00a0dia 05\/03\/2015<\/p>\n<p><strong>Alunos Especiais<\/strong> &#8211; dias 06\/03\/2015 e 09\/03\/2015<\/p>\n<p>Em breve ser\u00e3o divulgados os hor\u00e1rios das disciplinas e maiores informa\u00e7\u00f5es sobre os processos de matr\u00edcula.<\/p>\n","protected":false},"excerpt":{"rendered":"<p>A Coordena\u00e7\u00e3o do PPGeo divulga as datas de matr\u00edcula para o primeiro semestre de 2015: Alunos Regulares &#8211;\u00a0dia 05\/03\/2015 Alunos Especiais &#8211; dias 06\/03\/2015 e 09\/03\/2015 Em breve ser\u00e3o divulgados os hor\u00e1rios das disciplinas e maiores informa\u00e7\u00f5es sobre os processos de matr\u00edcula.<\/p>\n","protected":false},"author":202,"featured_media":0,"comment_status":"closed","ping_status":"closed","sticky":false,"template":"","format":"standard","meta":{"_jetpack_memberships_contains_paid_content":false,"footnotes":""},"categories":[84537],"tags":[],"class_list":["post-318","post","type-post","status-publish","format-standard","hentry","category-matriculas"],"jetpack_featured_media_url":"","jetpack_sharing_enabled":true,"_links":{"self":[{"href":"https:\/\/wp.ufpel.edu.br\/ppgeo\/wp-json\/wp\/v2\/posts\/318","targetHints":{"allow":["GET"]}}],"collection":[{"href":"https:\/\/wp.ufpel.edu.br\/ppgeo\/wp-json\/wp\/v2\/posts"}],"about":[{"href":"https:\/\/wp.ufpel.edu.br\/ppgeo\/wp-json\/wp\/v2\/types\/post"}],"author":[{"embeddable":true,"href":"https:\/\/wp.ufpel.edu.br\/ppgeo\/wp-json\/wp\/v2\/users\/202"}],"replies":[{"embeddable":true,"href":"https:\/\/wp.ufpel.edu.br\/ppgeo\/wp-json\/wp\/v2\/comments?post=318"}],"version-history":[{"count":2,"href":"https:\/\/wp.ufpel.edu.br\/ppgeo\/wp-json\/wp\/v2\/posts\/318\/revisions"}],"predecessor-version":[{"id":320,"href":"https:\/\/wp.ufpel.edu.br\/ppgeo\/wp-json\/wp\/v2\/posts\/318\/revisions\/320"}],"wp:attachment":[{"href":"https:\/\/wp.ufpel.edu.br\/ppgeo\/wp-json\/wp\/v2\/media?parent=318"}],"wp:term":[{"taxonomy":"category","embeddable":true,"href":"https:\/\/wp.ufpel.edu.br\/ppgeo\/wp-json\/wp\/v2\/categories?post=318"},{"taxonomy":"post_tag","embeddable":true,"href":"https:\/\/wp.ufpel.edu.br\/ppgeo\/wp-json\/wp\/v2\/tags?post=318"}],"curies":[{"name":"wp","href":"https:\/\/api.w.org\/{rel}","templated":true}]}}