{"id":3148,"date":"2024-10-29T13:37:29","date_gmt":"2024-10-29T16:37:29","guid":{"rendered":"https:\/\/wp.ufpel.edu.br\/ppgeo\/?p=3148"},"modified":"2024-10-29T13:37:29","modified_gmt":"2024-10-29T16:37:29","slug":"diretoria_abgf","status":"publish","type":"post","link":"https:\/\/wp.ufpel.edu.br\/ppgeo\/2024\/10\/29\/diretoria_abgf\/","title":{"rendered":"Professores do PPGeo s\u00e3o eleitos para a diretoria da Associa\u00e7\u00e3o Brasileira de Geografia F\u00edsica"},"content":{"rendered":"<p style=\"text-align: justify;\">Em Assembleia Geral realizada em 25 de outubro de 2024, durante o XX Simp\u00f3sio Brasileiro de Geografia F\u00edsica Aplicada, na cidade de Jo\u00e3o Pessoa (PB), os ge\u00f3grafos f\u00edsicos, que representam uma grande parcela da comunidade geogr\u00e1fica nacional, elegeram a nova diretoria da Associa\u00e7\u00e3o Brasileira de Geografia F\u00edsica (ABGF). Dois integrantes do Programa de P\u00f3s-Gradua\u00e7\u00e3o em Geografia da UFPEL comp\u00f5em a diretoria eleita: Vanda Claudino Sales (presidente) e Adriano Lu\u00eds Heck Simon (1\u00ba secret\u00e1rio). A composi\u00e7\u00e3o completa da diretoria ficou definida da seguinte forma:<\/p>\n<p>Presidente: Vanda Claudino Sales (UFPEL)<br \/>\nVice-Presidente: Marco T\u00falio Diniz (UFRN)<br \/>\n1o Secret\u00e1rio: Adriano Simon (UFPEL)<br \/>\n2o. Secretaria: Karla Faria (UFG)<br \/>\n1o Tesoureiro: Ivamauro Silva (UFPA)<br \/>\n2o Tesoureiro Siri\u00fas Souza (UNIVASF)<br \/>\nCoordenador de Publica\u00e7\u00f5es: Ant\u00f4nio Oscar J\u00fanior (UERJ)<br \/>\nConselheiros:<br \/>\nArchimedes Peres Filho (UNICAMP)<br \/>\nClaudia C\u00e2mara Vale (UFES)<br \/>\nFernando Nadal Villela (USP)<br \/>\nJo\u00e3o Paulo Gobo (UNIR)<br \/>\nSelma Sim\u00f5es de Castro (USP)<br \/>\nSaulo Roberto Vital (UFPB)<br \/>\nRepresentante estudantil p\u00f3s-gradua\u00e7\u00e3o: M\u00e1rlon Madeira (UFSM)<br \/>\nRepresentante estudantil gradua\u00e7\u00e3o: Beatriz Andrade (UFC)<\/p>\n<p><a href=\"https:\/\/wp.ufpel.edu.br\/ppgeo\/files\/2024\/10\/ABGF.jpeg\"><img class=\"aligncenter size-medium wp-image-3150\" src=\"https:\/\/wp.ufpel.edu.br\/ppgeo\/files\/2024\/10\/ABGF-400x225.jpeg\" alt=\"\" width=\"400\" height=\"225\" srcset=\"https:\/\/wp.ufpel.edu.br\/ppgeo\/files\/2024\/10\/ABGF-400x225.jpeg 400w, https:\/\/wp.ufpel.edu.br\/ppgeo\/files\/2024\/10\/ABGF-1024x576.jpeg 1024w, https:\/\/wp.ufpel.edu.br\/ppgeo\/files\/2024\/10\/ABGF-768x432.jpeg 768w, https:\/\/wp.ufpel.edu.br\/ppgeo\/files\/2024\/10\/ABGF.jpeg 1280w\" sizes=\"(max-width: 400px) 100vw, 400px\" \/><\/a><\/p>\n","protected":false},"excerpt":{"rendered":"<p>Em Assembleia Geral realizada em 25 de outubro de 2024, durante o XX Simp\u00f3sio Brasileiro de Geografia F\u00edsica Aplicada, na cidade de Jo\u00e3o Pessoa (PB), os ge\u00f3grafos f\u00edsicos, que representam uma grande parcela da comunidade geogr\u00e1fica nacional, elegeram a nova diretoria da Associa\u00e7\u00e3o Brasileira de Geografia F\u00edsica (ABGF). Dois integrantes do Programa de P\u00f3s-Gradua\u00e7\u00e3o em [&hellip;]<\/p>\n","protected":false},"author":202,"featured_media":0,"comment_status":"closed","ping_status":"closed","sticky":false,"template":"","format":"standard","meta":{"_jetpack_memberships_contains_paid_content":false,"footnotes":""},"categories":[84541],"tags":[],"class_list":["post-3148","post","type-post","status-publish","format-standard","hentry","category-noticias"],"jetpack_featured_media_url":"","jetpack_sharing_enabled":true,"_links":{"self":[{"href":"https:\/\/wp.ufpel.edu.br\/ppgeo\/wp-json\/wp\/v2\/posts\/3148","targetHints":{"allow":["GET"]}}],"collection":[{"href":"https:\/\/wp.ufpel.edu.br\/ppgeo\/wp-json\/wp\/v2\/posts"}],"about":[{"href":"https:\/\/wp.ufpel.edu.br\/ppgeo\/wp-json\/wp\/v2\/types\/post"}],"author":[{"embeddable":true,"href":"https:\/\/wp.ufpel.edu.br\/ppgeo\/wp-json\/wp\/v2\/users\/202"}],"replies":[{"embeddable":true,"href":"https:\/\/wp.ufpel.edu.br\/ppgeo\/wp-json\/wp\/v2\/comments?post=3148"}],"version-history":[{"count":1,"href":"https:\/\/wp.ufpel.edu.br\/ppgeo\/wp-json\/wp\/v2\/posts\/3148\/revisions"}],"predecessor-version":[{"id":3151,"href":"https:\/\/wp.ufpel.edu.br\/ppgeo\/wp-json\/wp\/v2\/posts\/3148\/revisions\/3151"}],"wp:attachment":[{"href":"https:\/\/wp.ufpel.edu.br\/ppgeo\/wp-json\/wp\/v2\/media?parent=3148"}],"wp:term":[{"taxonomy":"category","embeddable":true,"href":"https:\/\/wp.ufpel.edu.br\/ppgeo\/wp-json\/wp\/v2\/categories?post=3148"},{"taxonomy":"post_tag","embeddable":true,"href":"https:\/\/wp.ufpel.edu.br\/ppgeo\/wp-json\/wp\/v2\/tags?post=3148"}],"curies":[{"name":"wp","href":"https:\/\/api.w.org\/{rel}","templated":true}]}}