{"id":2562,"date":"2022-10-05T10:19:00","date_gmt":"2022-10-05T13:19:00","guid":{"rendered":"https:\/\/wp.ufpel.edu.br\/ppgeo\/?p=2562"},"modified":"2023-03-25T20:55:03","modified_gmt":"2023-03-25T23:55:03","slug":"ix-sempgeo-primeira-circular","status":"publish","type":"post","link":"https:\/\/wp.ufpel.edu.br\/ppgeo\/2022\/10\/05\/ix-sempgeo-primeira-circular\/","title":{"rendered":"IX SEMPGEO &#8211; Primeira Circular"},"content":{"rendered":"<p><a href=\"https:\/\/wp.ufpel.edu.br\/ppgeo\/files\/2022\/10\/IX_SEMPGEO.jpg\"><img class=\"alignnone size-medium wp-image-2565\" src=\"https:\/\/wp.ufpel.edu.br\/ppgeo\/files\/2022\/10\/IX_SEMPGEO-424x107.jpg\" alt=\"\" width=\"424\" height=\"107\" srcset=\"https:\/\/wp.ufpel.edu.br\/ppgeo\/files\/2022\/10\/IX_SEMPGEO-424x107.jpg 424w, https:\/\/wp.ufpel.edu.br\/ppgeo\/files\/2022\/10\/IX_SEMPGEO-212x54.jpg 212w, https:\/\/wp.ufpel.edu.br\/ppgeo\/files\/2022\/10\/IX_SEMPGEO-768x194.jpg 768w, https:\/\/wp.ufpel.edu.br\/ppgeo\/files\/2022\/10\/IX_SEMPGEO-500x127.jpg 500w, https:\/\/wp.ufpel.edu.br\/ppgeo\/files\/2022\/10\/IX_SEMPGEO.jpg 1114w\" sizes=\"(max-width: 424px) 100vw, 424px\" \/><\/a><\/p>\n<p style=\"text-align: justify;\">O PPGeo divulga a primeira circurla do IX SEMPGEO, o tradicional Semin\u00e1rio do Programa de P\u00f3s Gradua\u00e7\u00e3o em Geografia.<\/p>\n<p style=\"text-align: justify;\">Neste ano em que o PPGeo comemora os seus 10 anos, o SEMPGEO retorna \u00e0 modalidade presencial, e busca congregar discentes de P\u00f3s-gradua\u00e7\u00e3o e Gradua\u00e7\u00e3o, docentes, pesquisadores e p\u00fablico afim.<\/p>\n<p style=\"text-align: justify;\">Para maiores informa\u00e7\u00f5es sobre o IX SEMPGEO, acesse a <a href=\"https:\/\/wp.ufpel.edu.br\/ppgeo\/files\/2022\/10\/Primeira-Circular.pdf\">Primeira Circular<\/a>.<\/p>\n","protected":false},"excerpt":{"rendered":"<p>O PPGeo divulga a primeira circurla do IX SEMPGEO, o tradicional Semin\u00e1rio do Programa de P\u00f3s Gradua\u00e7\u00e3o em Geografia. Neste ano em que o PPGeo comemora os seus 10 anos, o SEMPGEO retorna \u00e0 modalidade presencial, e busca congregar discentes de P\u00f3s-gradua\u00e7\u00e3o e Gradua\u00e7\u00e3o, docentes, pesquisadores e p\u00fablico afim. Para maiores informa\u00e7\u00f5es sobre o IX [&hellip;]<\/p>\n","protected":false},"author":202,"featured_media":0,"comment_status":"closed","ping_status":"closed","sticky":false,"template":"","format":"standard","meta":{"_jetpack_memberships_contains_paid_content":false,"footnotes":""},"categories":[84534],"tags":[],"class_list":["post-2562","post","type-post","status-publish","format-standard","hentry","category-eventos"],"jetpack_featured_media_url":"","jetpack_sharing_enabled":true,"_links":{"self":[{"href":"https:\/\/wp.ufpel.edu.br\/ppgeo\/wp-json\/wp\/v2\/posts\/2562","targetHints":{"allow":["GET"]}}],"collection":[{"href":"https:\/\/wp.ufpel.edu.br\/ppgeo\/wp-json\/wp\/v2\/posts"}],"about":[{"href":"https:\/\/wp.ufpel.edu.br\/ppgeo\/wp-json\/wp\/v2\/types\/post"}],"author":[{"embeddable":true,"href":"https:\/\/wp.ufpel.edu.br\/ppgeo\/wp-json\/wp\/v2\/users\/202"}],"replies":[{"embeddable":true,"href":"https:\/\/wp.ufpel.edu.br\/ppgeo\/wp-json\/wp\/v2\/comments?post=2562"}],"version-history":[{"count":1,"href":"https:\/\/wp.ufpel.edu.br\/ppgeo\/wp-json\/wp\/v2\/posts\/2562\/revisions"}],"predecessor-version":[{"id":2566,"href":"https:\/\/wp.ufpel.edu.br\/ppgeo\/wp-json\/wp\/v2\/posts\/2562\/revisions\/2566"}],"wp:attachment":[{"href":"https:\/\/wp.ufpel.edu.br\/ppgeo\/wp-json\/wp\/v2\/media?parent=2562"}],"wp:term":[{"taxonomy":"category","embeddable":true,"href":"https:\/\/wp.ufpel.edu.br\/ppgeo\/wp-json\/wp\/v2\/categories?post=2562"},{"taxonomy":"post_tag","embeddable":true,"href":"https:\/\/wp.ufpel.edu.br\/ppgeo\/wp-json\/wp\/v2\/tags?post=2562"}],"curies":[{"name":"wp","href":"https:\/\/api.w.org\/{rel}","templated":true}]}}