{"id":2201,"date":"2020-12-12T14:09:15","date_gmt":"2020-12-12T17:09:15","guid":{"rendered":"https:\/\/wp.ufpel.edu.br\/ppgemat\/?p=2201"},"modified":"2020-12-12T14:09:15","modified_gmt":"2020-12-12T17:09:15","slug":"o-xiv-egem-vem-ai-2021","status":"publish","type":"post","link":"https:\/\/wp.ufpel.edu.br\/ppgemat\/2020\/12\/12\/o-xiv-egem-vem-ai-2021\/","title":{"rendered":"O XIV EGEM vem a\u00ed&#8230; 2021"},"content":{"rendered":"<p><span style=\"font-size: 14pt;color: #000000\">Na tarde da \u00faltima sexta-feira, dia 11 de dezembro, parte da diretoria da SBEM RS e as coordenadoras do XIV EGEM, professoras Tha\u00eds Philipsen Gr\u00fctzmann, Marta Cristina Cezar Pozzobon e Rozane da Silveira Alves estiveram reunidas para as primeiras defini\u00e7\u00f5es sobre o evento.<\/span><\/p>\n<p><img class=\"wp-image-2203 aligncenter\" src=\"https:\/\/wp.ufpel.edu.br\/ppgemat\/files\/2020\/12\/2020_12_11-SBEM04-site-400x79.jpg\" alt=\"\" width=\"689\" height=\"136\" srcset=\"https:\/\/wp.ufpel.edu.br\/ppgemat\/files\/2020\/12\/2020_12_11-SBEM04-site-400x79.jpg 400w, https:\/\/wp.ufpel.edu.br\/ppgemat\/files\/2020\/12\/2020_12_11-SBEM04-site-768x151.jpg 768w, https:\/\/wp.ufpel.edu.br\/ppgemat\/files\/2020\/12\/2020_12_11-SBEM04-site.jpg 1009w\" sizes=\"(max-width: 689px) 100vw, 689px\" \/><\/p>\n","protected":false},"excerpt":{"rendered":"<p>Na tarde da \u00faltima sexta-feira, dia 11 de dezembro, parte da diretoria da SBEM RS e as coordenadoras do XIV EGEM, professoras Tha\u00eds Philipsen Gr\u00fctzmann, Marta Cristina Cezar Pozzobon e Rozane da Silveira Alves estiveram reunidas para as primeiras defini\u00e7\u00f5es sobre o evento.<\/p>\n","protected":false},"author":617,"featured_media":0,"comment_status":"closed","ping_status":"closed","sticky":false,"template":"","format":"standard","meta":{"footnotes":""},"categories":[1],"tags":[],"class_list":["post-2201","post","type-post","status-publish","format-standard","hentry","category-noticias"],"jetpack_featured_media_url":"","_links":{"self":[{"href":"https:\/\/wp.ufpel.edu.br\/ppgemat\/wp-json\/wp\/v2\/posts\/2201","targetHints":{"allow":["GET"]}}],"collection":[{"href":"https:\/\/wp.ufpel.edu.br\/ppgemat\/wp-json\/wp\/v2\/posts"}],"about":[{"href":"https:\/\/wp.ufpel.edu.br\/ppgemat\/wp-json\/wp\/v2\/types\/post"}],"author":[{"embeddable":true,"href":"https:\/\/wp.ufpel.edu.br\/ppgemat\/wp-json\/wp\/v2\/users\/617"}],"replies":[{"embeddable":true,"href":"https:\/\/wp.ufpel.edu.br\/ppgemat\/wp-json\/wp\/v2\/comments?post=2201"}],"version-history":[{"count":1,"href":"https:\/\/wp.ufpel.edu.br\/ppgemat\/wp-json\/wp\/v2\/posts\/2201\/revisions"}],"predecessor-version":[{"id":2204,"href":"https:\/\/wp.ufpel.edu.br\/ppgemat\/wp-json\/wp\/v2\/posts\/2201\/revisions\/2204"}],"wp:attachment":[{"href":"https:\/\/wp.ufpel.edu.br\/ppgemat\/wp-json\/wp\/v2\/media?parent=2201"}],"wp:term":[{"taxonomy":"category","embeddable":true,"href":"https:\/\/wp.ufpel.edu.br\/ppgemat\/wp-json\/wp\/v2\/categories?post=2201"},{"taxonomy":"post_tag","embeddable":true,"href":"https:\/\/wp.ufpel.edu.br\/ppgemat\/wp-json\/wp\/v2\/tags?post=2201"}],"curies":[{"name":"wp","href":"https:\/\/api.w.org\/{rel}","templated":true}]}}