{"id":1657,"date":"2020-03-08T00:55:36","date_gmt":"2020-03-08T03:55:36","guid":{"rendered":"https:\/\/wp.ufpel.edu.br\/ppgemat\/?p=1657"},"modified":"2020-03-08T01:11:51","modified_gmt":"2020-03-08T04:11:51","slug":"matriculas-ppgemat-2020-1","status":"publish","type":"post","link":"https:\/\/wp.ufpel.edu.br\/ppgemat\/2020\/03\/08\/matriculas-ppgemat-2020-1\/","title":{"rendered":"Matr\u00edculas PPGEMAT 2020\/1"},"content":{"rendered":"<h3> <\/h3>\n<p><strong>MATR\u00cdCULA DOS ALUNOS REGULARES:<\/STRONG><\/p>\n<p>&#8211; A matr\u00edcula dos alunos regulares foi remarcada para o dia 12 de mar\u00e7o de 2020, na secretaria do curso, na sala 306 do Campus Porto, a partir das 8h, para evitar que os alunos tenham que se deslocar somente para efetuar a matr\u00edcula.<\/p>\n<p>&#8211; No dia 12 de mar\u00e7o, a matr\u00edcula ser\u00e1 feita das 8h \u00e0s 9h e as aulas da disciplina de Laborat\u00f3rio de Produ\u00e7\u00e3o Cient\u00edfica, obrigat\u00f3ria para alunos de todas as linhas iniciar\u00e3o \u00e0s 9h.<\/p>\n<p>&#8211; Para a matr\u00edcula, os alunos dever\u00e3o apresentar os documentos originais correspondentes aos que foram enviados por e-mail para a inscri\u00e7\u00e3o.<\/p>\n<h3> <\/h3>\n<p><strong>MATR\u00cdCULA DOS ALUNOS ESPECIAIS:<\/strong><\/p>\n<p>A matr\u00edcula dos alunos especiais ser\u00e1 feita no primeiro dia de aula das disciplinas que ir\u00e3o cursar:<\/p>\n<p>&#8211; Disciplina de <strong>Tend\u00eancias em Educa\u00e7\u00e3o Matem\u00e1tica<\/strong> matr\u00edcula no dia 13\/mar\u00e7o, sexta-feira de manh\u00e3, das 8h \u00e0s 12h.<\/p>\n<p>&#8211; Disciplina de <strong>Ensino e Aprendizagem em Educa\u00e7\u00e3o Matem\u00e1tica<\/strong> &#8211; matr\u00edcula no dia 12\/mar\u00e7o, quinta-feira, das 13h \u00e0s 17h. <\/p>\n<p>&#8211; Disciplina de <strong>Tecnologias e Educa\u00e7\u00e3o Matem\u00e1tica I<\/strong> &#8211; matr\u00edcula no dia 12\/mar\u00e7o, quinta-feira, das 13h \u00e0s 17h. <\/p>\n<p>As matr\u00edculas ser\u00e3o feitas na sala 306 do Campus Porto e os alunos devem apresentar os documentos originais referentes aos documentos enviados por e-mail para inscri\u00e7\u00e3o.<\/p>\n","protected":false},"excerpt":{"rendered":"<p>MATR\u00cdCULA DOS ALUNOS REGULARES: &#8211; A matr\u00edcula dos alunos regulares foi remarcada para o dia 12 de mar\u00e7o de 2020, na secretaria do curso, na sala 306 do Campus Porto, a partir das 8h, para evitar que os alunos tenham que se deslocar somente para efetuar a matr\u00edcula. &#8211; No dia 12 de mar\u00e7o, a [&hellip;]<\/p>\n","protected":false},"author":617,"featured_media":0,"comment_status":"closed","ping_status":"closed","sticky":false,"template":"","format":"standard","meta":{"footnotes":""},"categories":[1],"tags":[],"class_list":["post-1657","post","type-post","status-publish","format-standard","hentry","category-noticias"],"jetpack_featured_media_url":"","_links":{"self":[{"href":"https:\/\/wp.ufpel.edu.br\/ppgemat\/wp-json\/wp\/v2\/posts\/1657","targetHints":{"allow":["GET"]}}],"collection":[{"href":"https:\/\/wp.ufpel.edu.br\/ppgemat\/wp-json\/wp\/v2\/posts"}],"about":[{"href":"https:\/\/wp.ufpel.edu.br\/ppgemat\/wp-json\/wp\/v2\/types\/post"}],"author":[{"embeddable":true,"href":"https:\/\/wp.ufpel.edu.br\/ppgemat\/wp-json\/wp\/v2\/users\/617"}],"replies":[{"embeddable":true,"href":"https:\/\/wp.ufpel.edu.br\/ppgemat\/wp-json\/wp\/v2\/comments?post=1657"}],"version-history":[{"count":6,"href":"https:\/\/wp.ufpel.edu.br\/ppgemat\/wp-json\/wp\/v2\/posts\/1657\/revisions"}],"predecessor-version":[{"id":1665,"href":"https:\/\/wp.ufpel.edu.br\/ppgemat\/wp-json\/wp\/v2\/posts\/1657\/revisions\/1665"}],"wp:attachment":[{"href":"https:\/\/wp.ufpel.edu.br\/ppgemat\/wp-json\/wp\/v2\/media?parent=1657"}],"wp:term":[{"taxonomy":"category","embeddable":true,"href":"https:\/\/wp.ufpel.edu.br\/ppgemat\/wp-json\/wp\/v2\/categories?post=1657"},{"taxonomy":"post_tag","embeddable":true,"href":"https:\/\/wp.ufpel.edu.br\/ppgemat\/wp-json\/wp\/v2\/tags?post=1657"}],"curies":[{"name":"wp","href":"https:\/\/api.w.org\/{rel}","templated":true}]}}