{"id":646,"date":"2016-02-26T11:11:35","date_gmt":"2016-02-26T14:11:35","guid":{"rendered":"https:\/\/wp.ufpel.edu.br\/ppgef\/?p=646"},"modified":"2016-02-26T11:11:35","modified_gmt":"2016-02-26T14:11:35","slug":"matricula-para-o-primeiro-semestre-de-2016","status":"publish","type":"post","link":"https:\/\/wp.ufpel.edu.br\/ppgef\/2016\/02\/26\/matricula-para-o-primeiro-semestre-de-2016\/","title":{"rendered":"Matr\u00edcula para o primeiro semestre de 2016"},"content":{"rendered":"<p>A matr\u00edcula ser\u00e1 realizada no primeiro e segundo dia de aula, ou seja, dia 14 de mar\u00e7o (\u00e0 tarde &#8211; 13:00 \u00e0s 18:00) e dia 15 de mar\u00e7o (pela manh\u00e3 &#8211; 08:00 \u00e0s 14:00). Ser\u00e1 feita de forma presencial.<\/p>\n","protected":false},"excerpt":{"rendered":"<p>A matr\u00edcula ser\u00e1 realizada no primeiro e segundo dia de aula, ou seja, dia 14 de mar\u00e7o (\u00e0 tarde &#8211; 13:00 \u00e0s 18:00) e dia 15 de mar\u00e7o (pela manh\u00e3 &#8211; 08:00 \u00e0s 14:00). Ser\u00e1 feita de forma presencial.<\/p>\n","protected":false},"author":592,"featured_media":0,"comment_status":"closed","ping_status":"closed","sticky":false,"template":"","format":"standard","meta":{"footnotes":""},"categories":[1],"tags":[],"class_list":["post-646","post","type-post","status-publish","format-standard","hentry","category-noticias"],"jetpack_featured_media_url":"","_links":{"self":[{"href":"https:\/\/wp.ufpel.edu.br\/ppgef\/wp-json\/wp\/v2\/posts\/646","targetHints":{"allow":["GET"]}}],"collection":[{"href":"https:\/\/wp.ufpel.edu.br\/ppgef\/wp-json\/wp\/v2\/posts"}],"about":[{"href":"https:\/\/wp.ufpel.edu.br\/ppgef\/wp-json\/wp\/v2\/types\/post"}],"author":[{"embeddable":true,"href":"https:\/\/wp.ufpel.edu.br\/ppgef\/wp-json\/wp\/v2\/users\/592"}],"replies":[{"embeddable":true,"href":"https:\/\/wp.ufpel.edu.br\/ppgef\/wp-json\/wp\/v2\/comments?post=646"}],"version-history":[{"count":1,"href":"https:\/\/wp.ufpel.edu.br\/ppgef\/wp-json\/wp\/v2\/posts\/646\/revisions"}],"predecessor-version":[{"id":647,"href":"https:\/\/wp.ufpel.edu.br\/ppgef\/wp-json\/wp\/v2\/posts\/646\/revisions\/647"}],"wp:attachment":[{"href":"https:\/\/wp.ufpel.edu.br\/ppgef\/wp-json\/wp\/v2\/media?parent=646"}],"wp:term":[{"taxonomy":"category","embeddable":true,"href":"https:\/\/wp.ufpel.edu.br\/ppgef\/wp-json\/wp\/v2\/categories?post=646"},{"taxonomy":"post_tag","embeddable":true,"href":"https:\/\/wp.ufpel.edu.br\/ppgef\/wp-json\/wp\/v2\/tags?post=646"}],"curies":[{"name":"wp","href":"https:\/\/api.w.org\/{rel}","templated":true}]}}