{"id":4735,"date":"2025-09-24T14:28:23","date_gmt":"2025-09-24T17:28:23","guid":{"rendered":"https:\/\/wp.ufpel.edu.br\/ppgef\/?p=4735"},"modified":"2025-09-26T14:33:39","modified_gmt":"2025-09-26T17:33:39","slug":"seminario-de-pesquisa-iii-cod-13380279-analisis-y-produccion-de-trabajos-academicos-en-la-perspectiva-cualitativa","status":"publish","type":"post","link":"https:\/\/wp.ufpel.edu.br\/ppgef\/2025\/09\/24\/seminario-de-pesquisa-iii-cod-13380279-analisis-y-produccion-de-trabajos-academicos-en-la-perspectiva-cualitativa\/","title":{"rendered":"Semin\u00e1rio de Pesquisa III (c\u00f3d\u00a013380279)\u00a0 \u00a0&#8211;\u00a0&#8220;An\u00e1lisis y producci\u00f3n de trabajos acad\u00eamicos en la perspectiva cualitativa&#8221;"},"content":{"rendered":"<div>Informamos que o PPGEF ir\u00e1 ofertar a disciplina concentrada em parceria com a UDELAR:<\/div>\n<div><\/div>\n<div>Semin\u00e1rio de Pesquisa III (c\u00f3d\u00a013380279)\u00a0 \u00a0&#8211;\u00a0&#8220;An\u00e1lisis y producci\u00f3n de trabajos acad\u00eamicos en la \u00a0perspectiva cualitativa&#8221;<\/div>\n<div><\/div>\n<div>Ministrante: Luiz Carlos Rigo<\/div>\n<div>Convidado: Alan Knuth<\/div>\n<div><\/div>\n<div>Cronograma:<\/div>\n<div>10\/10\/2025 das 19h \u00e0s 22h (Modalidade: Virtual).<\/div>\n<div>17\/10\/2025 das 19h \u00e0s 22h e 18\/10\/2025 das 10h \u00e0s 13h e das 14h \u00e0s 16h (Modalidade: Virtual e Presencial, em Pelotas, Brasil).<\/div>\n<div>07\/11\/2025 das 19h \u00e0s 22h (Modalidade: Virtual).<\/div>\n<div>21\/11\/2025 das 19h \u00e0s 21h e 22\/11\/2025 das 10h \u00e0s 13h e das 14h \u00e0s 16h (Modalidade: Virtual e Presencial em Rivera, Uruguai).<\/div>\n<div>05\/12\/2025 das 19h \u00e0s 22h (Modalidade: Virtual)<\/div>\n<div>12\/12\/2025 das 19h \u00e0s 22h (Modalidade: Virtual)<\/div>\n<div><\/div>\n<div>O discente que tiver interesse em cursar a disciplina, basta enviar email ao colegiado, o qual realizar\u00e1 a matr\u00edcula.<\/div>\n<div><\/div>\n<div>Observa\u00e7\u00e3o: N\u00e3o considerar o hor\u00e1rio da disciplina cadastrado no cobalto (quarta-feira \u00e0 tarde).<\/div>\n<div><\/div>\n<div><a href=\"https:\/\/wp.ufpel.edu.br\/ppgef\/files\/2025\/09\/Analisis-y-produccion-de-trabajos-academicos-en-la-perspectiva-cualitativa-2025-1.pdf\">An\u00e1lisis y producci\u00f3n de trabajos acad\u00e9micos en la perspectiva cualitativa 2025 (1)<\/a><\/div>\n<div><\/div>\n","protected":false},"excerpt":{"rendered":"<p>Informamos que o PPGEF ir\u00e1 ofertar a disciplina concentrada em parceria com a UDELAR: Semin\u00e1rio de Pesquisa III (c\u00f3d\u00a013380279)\u00a0 \u00a0&#8211;\u00a0&#8220;An\u00e1lisis y producci\u00f3n de trabajos acad\u00eamicos en la \u00a0perspectiva cualitativa&#8221; Ministrante: Luiz Carlos Rigo Convidado: Alan Knuth Cronograma: 10\/10\/2025 das 19h \u00e0s 22h (Modalidade: Virtual). 17\/10\/2025 das 19h \u00e0s 22h e 18\/10\/2025 das 10h \u00e0s 13h [&hellip;]<\/p>\n","protected":false},"author":592,"featured_media":0,"comment_status":"closed","ping_status":"closed","sticky":false,"template":"","format":"standard","meta":{"footnotes":""},"categories":[1],"tags":[],"class_list":["post-4735","post","type-post","status-publish","format-standard","hentry","category-noticias"],"jetpack_featured_media_url":"","_links":{"self":[{"href":"https:\/\/wp.ufpel.edu.br\/ppgef\/wp-json\/wp\/v2\/posts\/4735","targetHints":{"allow":["GET"]}}],"collection":[{"href":"https:\/\/wp.ufpel.edu.br\/ppgef\/wp-json\/wp\/v2\/posts"}],"about":[{"href":"https:\/\/wp.ufpel.edu.br\/ppgef\/wp-json\/wp\/v2\/types\/post"}],"author":[{"embeddable":true,"href":"https:\/\/wp.ufpel.edu.br\/ppgef\/wp-json\/wp\/v2\/users\/592"}],"replies":[{"embeddable":true,"href":"https:\/\/wp.ufpel.edu.br\/ppgef\/wp-json\/wp\/v2\/comments?post=4735"}],"version-history":[{"count":3,"href":"https:\/\/wp.ufpel.edu.br\/ppgef\/wp-json\/wp\/v2\/posts\/4735\/revisions"}],"predecessor-version":[{"id":4739,"href":"https:\/\/wp.ufpel.edu.br\/ppgef\/wp-json\/wp\/v2\/posts\/4735\/revisions\/4739"}],"wp:attachment":[{"href":"https:\/\/wp.ufpel.edu.br\/ppgef\/wp-json\/wp\/v2\/media?parent=4735"}],"wp:term":[{"taxonomy":"category","embeddable":true,"href":"https:\/\/wp.ufpel.edu.br\/ppgef\/wp-json\/wp\/v2\/categories?post=4735"},{"taxonomy":"post_tag","embeddable":true,"href":"https:\/\/wp.ufpel.edu.br\/ppgef\/wp-json\/wp\/v2\/tags?post=4735"}],"curies":[{"name":"wp","href":"https:\/\/api.w.org\/{rel}","templated":true}]}}