{"id":4625,"date":"2025-07-09T22:22:11","date_gmt":"2025-07-10T01:22:11","guid":{"rendered":"https:\/\/wp.ufpel.edu.br\/ppgef\/?p=4625"},"modified":"2025-07-09T22:40:43","modified_gmt":"2025-07-10T01:40:43","slug":"qualificacao-de-mestrado-jessica-borraz-da-silva-goecks","status":"publish","type":"post","link":"https:\/\/wp.ufpel.edu.br\/ppgef\/2025\/07\/09\/qualificacao-de-mestrado-jessica-borraz-da-silva-goecks\/","title":{"rendered":"Qualifica\u00e7\u00e3o de Mestrado &#8211; J\u00e9ssica Borraz da Silva Goecks"},"content":{"rendered":"<p><span style=\"font-weight: 400;\">\u201cEfeitos agudos do exerc\u00edcio resistido nas fun\u00e7\u00f5es executivas de universit\u00e1rios\u201d<\/span><\/p>\n<p><strong>A referida qualifica\u00e7\u00e3o ser\u00e1 no dia 30\/07\/2025 \u00e0s 9h na ESEF.<\/strong><\/p>\n<p><span style=\"font-weight: 400;\">Banca:\u00a0<\/span><\/p>\n<p><span style=\"font-weight: 400;\">&#8211; Prof. Dr.. Airton Jos\u00e9 Rombaldi (orientador)<\/span><\/p>\n<p><span style=\"font-weight: 400;\">&#8211; Prof.\u00aa Dra. Rochelle Rocha Costa (Programa de P\u00f3s-Gradua\u00e7\u00e3o em Educa\u00e7\u00e3o F\u00edsica da FEF\/UnB)<\/span><\/p>\n<p><span style=\"font-weight: 400;\">&#8211; Prof.\u00aa Dra. Cristine Lima Alberton (Programa de P\u00f3s-Gradua\u00e7\u00e3o em Educa\u00e7\u00e3o F\u00edsica da Universidade Federal de Pelotas)<\/span><\/p>\n<p><span style=\"font-weight: 400;\">&#8211; Pro.\u00aa Dra. Stephanie Santana Pinto (Suplente) (Programa de P\u00f3s- Gradua\u00e7\u00e3o em Educa\u00e7\u00e3o F\u00edsica da Universidade Federal de Pelotas)<\/span><\/p>\n","protected":false},"excerpt":{"rendered":"<p>\u201cEfeitos agudos do exerc\u00edcio resistido nas fun\u00e7\u00f5es executivas de universit\u00e1rios\u201d A referida qualifica\u00e7\u00e3o ser\u00e1 no dia 30\/07\/2025 \u00e0s 9h na ESEF. Banca:\u00a0 &#8211; Prof. Dr.. Airton Jos\u00e9 Rombaldi (orientador) &#8211; Prof.\u00aa Dra. Rochelle Rocha Costa (Programa de P\u00f3s-Gradua\u00e7\u00e3o em Educa\u00e7\u00e3o F\u00edsica da FEF\/UnB) &#8211; Prof.\u00aa Dra. Cristine Lima Alberton (Programa de P\u00f3s-Gradua\u00e7\u00e3o em Educa\u00e7\u00e3o F\u00edsica [&hellip;]<\/p>\n","protected":false},"author":592,"featured_media":0,"comment_status":"closed","ping_status":"closed","sticky":false,"template":"","format":"standard","meta":{"footnotes":""},"categories":[1],"tags":[],"class_list":["post-4625","post","type-post","status-publish","format-standard","hentry","category-noticias"],"jetpack_featured_media_url":"","_links":{"self":[{"href":"https:\/\/wp.ufpel.edu.br\/ppgef\/wp-json\/wp\/v2\/posts\/4625","targetHints":{"allow":["GET"]}}],"collection":[{"href":"https:\/\/wp.ufpel.edu.br\/ppgef\/wp-json\/wp\/v2\/posts"}],"about":[{"href":"https:\/\/wp.ufpel.edu.br\/ppgef\/wp-json\/wp\/v2\/types\/post"}],"author":[{"embeddable":true,"href":"https:\/\/wp.ufpel.edu.br\/ppgef\/wp-json\/wp\/v2\/users\/592"}],"replies":[{"embeddable":true,"href":"https:\/\/wp.ufpel.edu.br\/ppgef\/wp-json\/wp\/v2\/comments?post=4625"}],"version-history":[{"count":2,"href":"https:\/\/wp.ufpel.edu.br\/ppgef\/wp-json\/wp\/v2\/posts\/4625\/revisions"}],"predecessor-version":[{"id":4651,"href":"https:\/\/wp.ufpel.edu.br\/ppgef\/wp-json\/wp\/v2\/posts\/4625\/revisions\/4651"}],"wp:attachment":[{"href":"https:\/\/wp.ufpel.edu.br\/ppgef\/wp-json\/wp\/v2\/media?parent=4625"}],"wp:term":[{"taxonomy":"category","embeddable":true,"href":"https:\/\/wp.ufpel.edu.br\/ppgef\/wp-json\/wp\/v2\/categories?post=4625"},{"taxonomy":"post_tag","embeddable":true,"href":"https:\/\/wp.ufpel.edu.br\/ppgef\/wp-json\/wp\/v2\/tags?post=4625"}],"curies":[{"name":"wp","href":"https:\/\/api.w.org\/{rel}","templated":true}]}}